{"id":10269,"date":"2025-10-20T09:38:31","date_gmt":"2025-10-20T07:38:31","guid":{"rendered":"https:\/\/agora.xtec.cat\/escolapacocandel\/?p=10269"},"modified":"2025-10-20T09:38:31","modified_gmt":"2025-10-20T07:38:31","slug":"setmana-de-lart-els-camins-en-lart","status":"publish","type":"post","link":"https:\/\/agora.xtec.cat\/escolapacocandel\/comunitat-de-mitjans\/setmana-de-lart-els-camins-en-lart\/","title":{"rendered":"Setmana de l&#8217;art &#8211; Els camins en l&#8217;art"},"content":{"rendered":"\n<p>L\u2019escola s\u2019ha omplert de creativitat, emoci\u00f3 i reflexi\u00f3 durant la celebraci\u00f3 de la <strong>Setmana d\u2019Art<\/strong>, un projecte col\u00b7lectiu que any rere any esdev\u00e9 un espai de trobada, expressi\u00f3 i descoberta per a tota la comunitat educativa. El curs 2024-25 el fil conductor que ha inspirat totes les instal\u00b7lacions art\u00edstiques ha estat la paraula <strong>\u201cCamins\u201d<\/strong>.<\/p>\n\n\n\n<p>A partir d\u2019aquesta tem\u00e0tica, cada grup d\u2019edat ha reflexionat sobre els seus propis camins: els interiors, els que fan cap a fora, els que ens uneixen o ens separen, els que constru\u00efm amb els altres i els que ens porten a descobrir qui som.<\/p>\n\n\n\n<p>Els <strong>CAMINS<\/strong> s\u00f3n els protagonistes moltes vegades en el dia a dia dels infants, quan construeixen, dibuixen, caminen, observen&#8230; Un punt de partida conegut i proper que permet fer-se preguntes, imaginar, crear, trobar-se i retrobar-se.<\/p>\n\n\n\n<p>A la <strong>comunitat de petites <\/strong>tot comen\u00e7a amb un poema, una obra teatral i un conte. Una invitaci\u00f3 a la creativitat on el resultat \u00e9s fruit d\u2019un treball conjunt, compartint una idea o moltes idees alhora, mirades, acords i desacords. Tres instal\u00b7lacions art\u00edstiques diferents que parlen, comuniquen, reflecteixen la mirada dels infants m\u00e9s petits de l\u2019escola sobre els camins.<\/p>\n\n\n<div class=\"wp-block-image\">\n<figure class=\"alignright is-resized\"><img loading=\"lazy\" decoding=\"async\" width=\"439\" height=\"711\" src=\"https:\/\/agora.xtec.cat\/escolapacocandel\/wp-content\/uploads\/usu332\/2025\/10\/Captura-de-pantalla-2025-10-20-093243.jpg\" alt=\"\" class=\"wp-image-10270\" style=\"width:235px;height:auto\" srcset=\"https:\/\/agora.xtec.cat\/escolapacocandel\/wp-content\/uploads\/usu332\/2025\/10\/Captura-de-pantalla-2025-10-20-093243.jpg 439w, https:\/\/agora.xtec.cat\/escolapacocandel\/wp-content\/uploads\/usu332\/2025\/10\/Captura-de-pantalla-2025-10-20-093243-185x300.jpg 185w\" sizes=\"auto, (max-width: 439px) 100vw, 439px\" \/><\/figure><\/div>\n\n\n<p>El conte \u201cEl fil invisible\u201d de Miriam Tirado \u00e9s el punt de partida perqu\u00e8 els infants de la <strong>comunitat de mitjanes<\/strong> comencin a reflexionar sobre els lligams que els uneixen a les persones, als objectes i als records que formen part del seu CAM\u00cd DE VIDA.<\/p>\n\n\n\n<p>Els camins entre casa i l&#8217;escola s\u00f3n, sens dubte, una part important de la rutina di\u00e0ria dels infants. S\u00f3n camins plens de descobriments, petits moments de reflexi\u00f3, de trobades amb altres companys i companyes i fins i tot, de somnis. Alguns poden ser llargu\u00edssims i pesats, mentre que d\u2019altres poden ser curts per\u00f2 carregats d\u2019aventures. S\u00f3n camins que, m\u00e9s enll\u00e0 de la seva funci\u00f3 pr\u00e0ctica, tamb\u00e9 poden ser una font de creativitat i expressi\u00f3 per als infants.<\/p>\n\n\n\n<p>La projecci\u00f3 de la pel\u00b7l\u00edcula \u00abCam\u00ed a l\u2019escola\u00bb, acompanyada de crispetes, va provocar la reflexi\u00f3 a la <strong>comunitat de grans<\/strong>, sobre els camins diversos que molts nens i nenes fan per arribar a l\u2019escola, aix\u00ed com els valors que aquests camins ens aporten.<\/p>\n\n\n\n<p>La Setmana d\u2019Art \u00e9s molt m\u00e9s que una mostra de treballs pl\u00e0stics: \u00e9s un temps per aturar-se, escoltar i expressar. \u00c9s una oportunitat per fer escola des de l\u2019art i per l\u2019art, creant vincles entre generacions, obrint finestres a la imaginaci\u00f3 i deixant que l\u2019expressi\u00f3 personal tingui un espai central en l\u2019aprenentatge.<\/p>\n\n\n<div class=\"wp-block-image\">\n<figure class=\"alignleft is-resized\"><img loading=\"lazy\" decoding=\"async\" width=\"445\" height=\"604\" src=\"https:\/\/agora.xtec.cat\/escolapacocandel\/wp-content\/uploads\/usu332\/2025\/10\/Captura-de-pantalla-2025-10-20-093403.jpg\" alt=\"\" class=\"wp-image-10271\" style=\"width:174px;height:auto\" srcset=\"https:\/\/agora.xtec.cat\/escolapacocandel\/wp-content\/uploads\/usu332\/2025\/10\/Captura-de-pantalla-2025-10-20-093403.jpg 445w, https:\/\/agora.xtec.cat\/escolapacocandel\/wp-content\/uploads\/usu332\/2025\/10\/Captura-de-pantalla-2025-10-20-093403-221x300.jpg 221w\" sizes=\"auto, (max-width: 445px) 100vw, 445px\" \/><\/figure><\/div>\n\n\n<p><\/p>\n\n\n\n<h2 class=\"wp-block-heading\"><strong>Gr\u00e0cies per caminar amb nosaltres<\/strong><\/h2>\n\n\n\n<p>I vosaltres&#8230; quin cam\u00ed triareu avui?<\/p>\n\n\n\n<p><\/p>\n","protected":false},"excerpt":{"rendered":"<p>L\u2019escola s\u2019ha omplert de creativitat, emoci\u00f3 i reflexi\u00f3 durant la celebraci\u00f3 de la Setmana d\u2019Art, un projecte col\u00b7lectiu que any rere any esdev\u00e9 un espai de trobada, expressi\u00f3 i descoberta per a tota la comunitat educativa. El curs 2024-25 el fil conductor que ha inspirat&hellip;  <a href=\"https:\/\/agora.xtec.cat\/escolapacocandel\/comunitat-de-mitjans\/setmana-de-lart-els-camins-en-lart\/\" title=\"Read Setmana de l&#8217;art &#8211; Els camins en l&#8217;art\">Llegeix m\u00e9s\u00bb<\/a><\/p>\n","protected":false},"author":20,"featured_media":0,"comment_status":"open","ping_status":"open","sticky":false,"template":"","format":"standard","meta":{"_bbp_topic_count":0,"_bbp_reply_count":0,"_bbp_total_topic_count":0,"_bbp_total_reply_count":0,"_bbp_voice_count":0,"_bbp_anonymous_reply_count":0,"_bbp_topic_count_hidden":0,"_bbp_reply_count_hidden":0,"_bbp_forum_subforum_count":0,"footnotes":""},"categories":[129,127,128],"tags":[],"class_list":["post-10269","post","type-post","status-publish","format-standard","hentry","category-comunitat-de-grans","category-comunitat-de-mitjans","category-comunitat-de-petits"],"post_mailing_queue_ids":[],"_links":{"self":[{"href":"https:\/\/agora.xtec.cat\/escolapacocandel\/wp-json\/wp\/v2\/posts\/10269","targetHints":{"allow":["GET"]}}],"collection":[{"href":"https:\/\/agora.xtec.cat\/escolapacocandel\/wp-json\/wp\/v2\/posts"}],"about":[{"href":"https:\/\/agora.xtec.cat\/escolapacocandel\/wp-json\/wp\/v2\/types\/post"}],"author":[{"embeddable":true,"href":"https:\/\/agora.xtec.cat\/escolapacocandel\/wp-json\/wp\/v2\/users\/20"}],"replies":[{"embeddable":true,"href":"https:\/\/agora.xtec.cat\/escolapacocandel\/wp-json\/wp\/v2\/comments?post=10269"}],"version-history":[{"count":2,"href":"https:\/\/agora.xtec.cat\/escolapacocandel\/wp-json\/wp\/v2\/posts\/10269\/revisions"}],"predecessor-version":[{"id":10273,"href":"https:\/\/agora.xtec.cat\/escolapacocandel\/wp-json\/wp\/v2\/posts\/10269\/revisions\/10273"}],"wp:attachment":[{"href":"https:\/\/agora.xtec.cat\/escolapacocandel\/wp-json\/wp\/v2\/media?parent=10269"}],"wp:term":[{"taxonomy":"category","embeddable":true,"href":"https:\/\/agora.xtec.cat\/escolapacocandel\/wp-json\/wp\/v2\/categories?post=10269"},{"taxonomy":"post_tag","embeddable":true,"href":"https:\/\/agora.xtec.cat\/escolapacocandel\/wp-json\/wp\/v2\/tags?post=10269"}],"curies":[{"name":"wp","href":"https:\/\/api.w.org\/{rel}","templated":true}]}}