{"id":10214,"date":"2025-10-07T09:18:12","date_gmt":"2025-10-07T07:18:12","guid":{"rendered":"https:\/\/agora.xtec.cat\/escolapacocandel\/?p=10214"},"modified":"2025-10-07T09:22:05","modified_gmt":"2025-10-07T07:22:05","slug":"reunio-inici-de-curs-1r-3","status":"publish","type":"post","link":"https:\/\/agora.xtec.cat\/escolapacocandel\/comunitat-de-mitjans\/1r\/reunio-inici-de-curs-1r-3\/","title":{"rendered":"REUNI\u00d3 INICI DE CURS 1R"},"content":{"rendered":"\n<p>Benvolgudes fam\u00edlies,<\/p>\n\n\n\n<p>Us deixem l&#8217;enlla\u00e7 de la reuni\u00f3 de fam\u00edlies de 1r.<\/p>\n\n\n\n<p>Moltes gr\u00e0cies, <\/p>\n\n\n\n<p>Mestres de 1r<\/p>\n\n\n\n<figure class=\"wp-block-embed is-type-wp-embed is-provider-escola-paco-candel wp-block-embed-escola-paco-candel\"><div class=\"wp-block-embed__wrapper\">\n<blockquote class=\"wp-embedded-content\" data-secret=\"vF0CzPAmHm\"><a href=\"https:\/\/agora.xtec.cat\/escolapacocandel\/fotos-privat\/presentacio-reunio-inici-1r\/\">Protegit: Presentaci\u00f3 reuni\u00f3 inici 1r<\/a><\/blockquote><iframe loading=\"lazy\" class=\"wp-embedded-content\" sandbox=\"allow-scripts\" security=\"restricted\" style=\"position: absolute; visibility: hidden;\" title=\"&#8220;Protegit: Presentaci\u00f3 reuni\u00f3 inici 1r&#8221; &#8212; Escola Paco Candel\" src=\"https:\/\/agora.xtec.cat\/escolapacocandel\/fotos-privat\/presentacio-reunio-inici-1r\/embed\/#?secret=0M3uVrYIyT#?secret=vF0CzPAmHm\" data-secret=\"vF0CzPAmHm\" width=\"500\" height=\"282\" frameborder=\"0\" marginwidth=\"0\" marginheight=\"0\" scrolling=\"no\"><\/iframe>\n<\/div><\/figure>\n\n\n\n<h2 class=\"wp-block-heading\"><\/h2>\n\n\n\n<p><\/p>\n","protected":false},"excerpt":{"rendered":"<p>Benvolgudes fam\u00edlies,<\/p>\n<p>Us deixem l&#8217;enlla\u00e7 de la reuni\u00f3 de fam\u00edlies de 1r.<\/p>\n<p>Moltes gr\u00e0cies, <\/p>\n<p>Mestres de 1r<\/p>\n<p><a href=\"https:\/\/agora.xtec.cat\/escolapacocandel\/fotos-privat\/presentacio-reunio-inici-1r\/\">Protegit: Presentaci\u00f3 reuni\u00f3 inici 1r<\/a><\/p>\n","protected":false},"author":58,"featured_media":10223,"comment_status":"open","ping_status":"open","sticky":false,"template":"","format":"standard","meta":{"_bbp_topic_count":0,"_bbp_reply_count":0,"_bbp_total_topic_count":0,"_bbp_total_reply_count":0,"_bbp_voice_count":0,"_bbp_anonymous_reply_count":0,"_bbp_topic_count_hidden":0,"_bbp_reply_count_hidden":0,"_bbp_forum_subforum_count":0,"footnotes":""},"categories":[140],"tags":[],"class_list":["post-10214","post","type-post","status-publish","format-standard","has-post-thumbnail","hentry","category-1r"],"post_mailing_queue_ids":[],"_links":{"self":[{"href":"https:\/\/agora.xtec.cat\/escolapacocandel\/wp-json\/wp\/v2\/posts\/10214","targetHints":{"allow":["GET"]}}],"collection":[{"href":"https:\/\/agora.xtec.cat\/escolapacocandel\/wp-json\/wp\/v2\/posts"}],"about":[{"href":"https:\/\/agora.xtec.cat\/escolapacocandel\/wp-json\/wp\/v2\/types\/post"}],"author":[{"embeddable":true,"href":"https:\/\/agora.xtec.cat\/escolapacocandel\/wp-json\/wp\/v2\/users\/58"}],"replies":[{"embeddable":true,"href":"https:\/\/agora.xtec.cat\/escolapacocandel\/wp-json\/wp\/v2\/comments?post=10214"}],"version-history":[{"count":5,"href":"https:\/\/agora.xtec.cat\/escolapacocandel\/wp-json\/wp\/v2\/posts\/10214\/revisions"}],"predecessor-version":[{"id":10225,"href":"https:\/\/agora.xtec.cat\/escolapacocandel\/wp-json\/wp\/v2\/posts\/10214\/revisions\/10225"}],"wp:featuredmedia":[{"embeddable":true,"href":"https:\/\/agora.xtec.cat\/escolapacocandel\/wp-json\/wp\/v2\/media\/10223"}],"wp:attachment":[{"href":"https:\/\/agora.xtec.cat\/escolapacocandel\/wp-json\/wp\/v2\/media?parent=10214"}],"wp:term":[{"taxonomy":"category","embeddable":true,"href":"https:\/\/agora.xtec.cat\/escolapacocandel\/wp-json\/wp\/v2\/categories?post=10214"},{"taxonomy":"post_tag","embeddable":true,"href":"https:\/\/agora.xtec.cat\/escolapacocandel\/wp-json\/wp\/v2\/tags?post=10214"}],"curies":[{"name":"wp","href":"https:\/\/api.w.org\/{rel}","templated":true}]}}