{"id":10201,"date":"2025-10-06T19:00:00","date_gmt":"2025-10-06T17:00:00","guid":{"rendered":"https:\/\/agora.xtec.cat\/escolapacocandel\/?p=10201"},"modified":"2025-10-03T10:44:58","modified_gmt":"2025-10-03T08:44:58","slug":"reunio-inici-de-curs-6e","status":"publish","type":"post","link":"https:\/\/agora.xtec.cat\/escolapacocandel\/comunitat-de-grans\/6e\/reunio-inici-de-curs-6e\/","title":{"rendered":"REUNI\u00d3 INICI DE CURS 6\u00e8"},"content":{"rendered":"\n<p>Benvolgudes fam\u00edlies,<\/p>\n\n\n\n<p>Aqu\u00ed podeu consultar i fer una ullada a la presentaci\u00f3 que vam utilitzar a la reuni\u00f3 d&#8217;inici de curs de 6\u00e8. <\/p>\n\n\n\n<p>Moltes gr\u00e0cies \ud83d\ude42<\/p>\n\n\n\n<p><\/p>\n\n\n\n<figure class=\"wp-block-embed is-type-wp-embed is-provider-escola-paco-candel wp-block-embed-escola-paco-candel\"><div class=\"wp-block-embed__wrapper\">\n<blockquote class=\"wp-embedded-content\" data-secret=\"1rOq3Hvvv5\"><a href=\"https:\/\/agora.xtec.cat\/escolapacocandel\/fotos-privat\/presentacio-reunio-inici-6e\/\">Protegit: Presentaci\u00f3 reuni\u00f3 inici 6\u00e8<\/a><\/blockquote><iframe loading=\"lazy\" class=\"wp-embedded-content\" sandbox=\"allow-scripts\" security=\"restricted\" style=\"position: absolute; visibility: hidden;\" title=\"&#8220;Protegit: Presentaci\u00f3 reuni\u00f3 inici 6\u00e8&#8221; &#8212; Escola Paco Candel\" src=\"https:\/\/agora.xtec.cat\/escolapacocandel\/fotos-privat\/presentacio-reunio-inici-6e\/embed\/#?secret=YWXRoxBBfG#?secret=1rOq3Hvvv5\" data-secret=\"1rOq3Hvvv5\" width=\"500\" height=\"282\" frameborder=\"0\" marginwidth=\"0\" marginheight=\"0\" scrolling=\"no\"><\/iframe>\n<\/div><\/figure>\n","protected":false},"excerpt":{"rendered":"<p>Benvolgudes fam\u00edlies,<\/p>\n<p>Aqu\u00ed podeu consultar i fer una ullada a la presentaci\u00f3 que vam utilitzar a la reuni\u00f3 d&#8217;inici de curs de 6\u00e8. <\/p>\n<p>Moltes gr\u00e0cies \ud83d\ude42<\/p>\n<p><a href=\"https:\/\/agora.xtec.cat\/escolapacocandel\/fotos-privat\/presentacio-reunio-inici-6e\/\">Protegit: Presentaci\u00f3 reuni\u00f3 inici 6\u00e8<\/a><\/p>\n","protected":false},"author":27,"featured_media":0,"comment_status":"open","ping_status":"open","sticky":false,"template":"","format":"standard","meta":{"_bbp_topic_count":0,"_bbp_reply_count":0,"_bbp_total_topic_count":0,"_bbp_total_reply_count":0,"_bbp_voice_count":0,"_bbp_anonymous_reply_count":0,"_bbp_topic_count_hidden":0,"_bbp_reply_count_hidden":0,"_bbp_forum_subforum_count":0,"footnotes":""},"categories":[146],"tags":[],"class_list":["post-10201","post","type-post","status-publish","format-standard","hentry","category-6e"],"post_mailing_queue_ids":[],"_links":{"self":[{"href":"https:\/\/agora.xtec.cat\/escolapacocandel\/wp-json\/wp\/v2\/posts\/10201","targetHints":{"allow":["GET"]}}],"collection":[{"href":"https:\/\/agora.xtec.cat\/escolapacocandel\/wp-json\/wp\/v2\/posts"}],"about":[{"href":"https:\/\/agora.xtec.cat\/escolapacocandel\/wp-json\/wp\/v2\/types\/post"}],"author":[{"embeddable":true,"href":"https:\/\/agora.xtec.cat\/escolapacocandel\/wp-json\/wp\/v2\/users\/27"}],"replies":[{"embeddable":true,"href":"https:\/\/agora.xtec.cat\/escolapacocandel\/wp-json\/wp\/v2\/comments?post=10201"}],"version-history":[{"count":1,"href":"https:\/\/agora.xtec.cat\/escolapacocandel\/wp-json\/wp\/v2\/posts\/10201\/revisions"}],"predecessor-version":[{"id":10210,"href":"https:\/\/agora.xtec.cat\/escolapacocandel\/wp-json\/wp\/v2\/posts\/10201\/revisions\/10210"}],"wp:attachment":[{"href":"https:\/\/agora.xtec.cat\/escolapacocandel\/wp-json\/wp\/v2\/media?parent=10201"}],"wp:term":[{"taxonomy":"category","embeddable":true,"href":"https:\/\/agora.xtec.cat\/escolapacocandel\/wp-json\/wp\/v2\/categories?post=10201"},{"taxonomy":"post_tag","embeddable":true,"href":"https:\/\/agora.xtec.cat\/escolapacocandel\/wp-json\/wp\/v2\/tags?post=10201"}],"curies":[{"name":"wp","href":"https:\/\/api.w.org\/{rel}","templated":true}]}}