{"id":1020,"date":"2020-06-16T12:25:11","date_gmt":"2020-06-16T10:25:11","guid":{"rendered":"http:\/\/agora.xtec.cat\/escolapacocandel\/?p=1020"},"modified":"2020-06-16T12:29:33","modified_gmt":"2020-06-16T10:29:33","slug":"acompanyament-emocional-a-les-families","status":"publish","type":"post","link":"https:\/\/agora.xtec.cat\/escolapacocandel\/general\/acompanyament-emocional-a-les-families\/","title":{"rendered":"Acompanyament emocional a les fam\u00edlies"},"content":{"rendered":"<p>Benvolgudes fam\u00edlies<\/p>\n<p>Us informem que com a cloenda de curs, el grup SEER ha preparat una c\u00e0psula-webinar sobre &#8220;Acompanyament emocional a les fam\u00edlies en situacions complexes&#8221;. Aquesta es dur\u00e0 a terme el dia 17 de juny a les 18 hores. L&#8217;enlla\u00e7 \u00e9s aquest: <a href=\"https:\/\/global.gotomeeting.com\/join\/908736261\">https:\/\/global.gotomeeting.com\/join\/908736261<\/a><\/p>\n<p>&nbsp;<\/p>\n<p><a href=\"https:\/\/agora.xtec.cat\/escolapacocandel\/wp-content\/uploads\/usu332\/2020\/06\/Acompanyament-emocional-a-les-fam\u00edlies.jpg\"><img loading=\"lazy\" decoding=\"async\" class=\"alignnone size-full wp-image-1023\" src=\"https:\/\/agora.xtec.cat\/escolapacocandel\/wp-content\/uploads\/usu332\/2020\/06\/Acompanyament-emocional-a-les-fam\u00edlies.jpg\" alt=\"\" width=\"1587\" height=\"2245\" srcset=\"https:\/\/agora.xtec.cat\/escolapacocandel\/wp-content\/uploads\/usu332\/2020\/06\/Acompanyament-emocional-a-les-fam\u00edlies.jpg 1587w, https:\/\/agora.xtec.cat\/escolapacocandel\/wp-content\/uploads\/usu332\/2020\/06\/Acompanyament-emocional-a-les-fam\u00edlies-212x300.jpg 212w, https:\/\/agora.xtec.cat\/escolapacocandel\/wp-content\/uploads\/usu332\/2020\/06\/Acompanyament-emocional-a-les-fam\u00edlies-768x1086.jpg 768w, https:\/\/agora.xtec.cat\/escolapacocandel\/wp-content\/uploads\/usu332\/2020\/06\/Acompanyament-emocional-a-les-fam\u00edlies-724x1024.jpg 724w\" sizes=\"auto, (max-width: 1587px) 100vw, 1587px\" \/><\/a><\/p>\n","protected":false},"excerpt":{"rendered":"<p>Benvolgudes fam\u00edlies<br \/>\nUs informem que com a cloenda de curs, el grup SEER ha preparat una c\u00e0psula-webinar sobre &#8220;Acompanyament emocional a les fam\u00edlies en situacions complexes&#8221;. Aquesta es dur\u00e0 a terme el dia 17 de juny a les 18 hores. L&#8217;enlla\u00e7 \u00e9s aquest: <a href=\"https:\/\/global.gotomeeting.com\/join\/908736261\">https:\/\/global.gotomeeting.com\/join\/908736261<\/a><br \/>\n&nbsp;<br \/>\n<a href=\"https:\/\/agora.xtec.cat\/escolapacocandel\/wp-content\/uploads\/usu332\/2020\/06\/Acompanyament-emocional-a-les-fam\u00edlies.jpg\"><\/a><\/p>\n","protected":false},"author":1,"featured_media":0,"comment_status":"open","ping_status":"closed","sticky":false,"template":"","format":"standard","meta":{"_bbp_topic_count":0,"_bbp_reply_count":0,"_bbp_total_topic_count":0,"_bbp_total_reply_count":0,"_bbp_voice_count":0,"_bbp_anonymous_reply_count":0,"_bbp_topic_count_hidden":0,"_bbp_reply_count_hidden":0,"_bbp_forum_subforum_count":0,"footnotes":""},"categories":[1,4],"tags":[],"class_list":["post-1020","post","type-post","status-publish","format-standard","hentry","category-general","category-portada"],"post_mailing_queue_ids":[],"_links":{"self":[{"href":"https:\/\/agora.xtec.cat\/escolapacocandel\/wp-json\/wp\/v2\/posts\/1020","targetHints":{"allow":["GET"]}}],"collection":[{"href":"https:\/\/agora.xtec.cat\/escolapacocandel\/wp-json\/wp\/v2\/posts"}],"about":[{"href":"https:\/\/agora.xtec.cat\/escolapacocandel\/wp-json\/wp\/v2\/types\/post"}],"author":[{"embeddable":true,"href":"https:\/\/agora.xtec.cat\/escolapacocandel\/wp-json\/wp\/v2\/users\/1"}],"replies":[{"embeddable":true,"href":"https:\/\/agora.xtec.cat\/escolapacocandel\/wp-json\/wp\/v2\/comments?post=1020"}],"version-history":[{"count":2,"href":"https:\/\/agora.xtec.cat\/escolapacocandel\/wp-json\/wp\/v2\/posts\/1020\/revisions"}],"predecessor-version":[{"id":1024,"href":"https:\/\/agora.xtec.cat\/escolapacocandel\/wp-json\/wp\/v2\/posts\/1020\/revisions\/1024"}],"wp:attachment":[{"href":"https:\/\/agora.xtec.cat\/escolapacocandel\/wp-json\/wp\/v2\/media?parent=1020"}],"wp:term":[{"taxonomy":"category","embeddable":true,"href":"https:\/\/agora.xtec.cat\/escolapacocandel\/wp-json\/wp\/v2\/categories?post=1020"},{"taxonomy":"post_tag","embeddable":true,"href":"https:\/\/agora.xtec.cat\/escolapacocandel\/wp-json\/wp\/v2\/tags?post=1020"}],"curies":[{"name":"wp","href":"https:\/\/api.w.org\/{rel}","templated":true}]}}