{"id":10183,"date":"2025-10-02T13:19:43","date_gmt":"2025-10-02T11:19:43","guid":{"rendered":"https:\/\/agora.xtec.cat\/escolapacocandel\/?p=10183"},"modified":"2025-10-02T13:49:02","modified_gmt":"2025-10-02T11:49:02","slug":"sortida-de-germanor-a-la-granja-escola-de-santa-maria-de-palautordera","status":"publish","type":"post","link":"https:\/\/agora.xtec.cat\/escolapacocandel\/comunitat-de-grans\/sortida-de-germanor-a-la-granja-escola-de-santa-maria-de-palautordera\/","title":{"rendered":"Sortida de germanor a la Granja Escola de Santa Maria de Palautordera"},"content":{"rendered":"\n<p>El dilluns 29 de setembre l&#8217;alumnat de la <strong>Comunitat de Grans <\/strong>va gaudir d\u2019una sortida molt especial a la <strong>Granja Escola de Santa Maria de Palautordera<\/strong>.<\/p>\n\n\n\n<p>L\u2019objectiu de la sortida era que l&#8217;alumnat fes una aturada en la rutina del dia a dia per <strong>respirar aire pur a la natura<\/strong> i compartir experi\u00e8ncies que ajudin a <strong>enfortir els vincles entre els companys i companyes de la comunitat<\/strong>. Tamb\u00e9 va ser una molt bona ocasi\u00f3 per donar la benvinguda a l\u2019alumnat de quart, fent-los sentir part d\u2019aquesta gran comunitat.<\/p>\n\n\n\n\n\n<p>Al llarg del dia, els nois i noies van poder entrenar compet\u00e8ncies essencials com <strong>la comunicaci\u00f3 positiva, el treball en equip, l\u2019empatia i la responsabilitat<\/strong>, tot a trav\u00e9s de reptes i activitats vivencials que posaven en relleu la import\u00e0ncia de fer cam\u00ed plegats: <strong>ning\u00fa sap tant com tots junts.<\/strong><\/p>\n\n\n\n<p>Les activitats m\u00e9s destacades van ser:<\/p>\n\n\n\n<ul class=\"wp-block-list\">\n<li><strong><strong>La Missi\u00f3 Possible:<\/strong> Un circuit de reptes per posar en pr\u00e0ctica el <strong>treball en equip<\/strong>.<\/strong><\/li>\n\n\n\n<li><strong>Guiar o ser guiat: <\/strong>Una experi\u00e8ncia que ajuda a entrenar<strong> la confian\u00e7a i la responsabilitat<\/strong>.<\/li>\n\n\n\n<li><strong>Fem cabanes: <\/strong>Construir plegats per <strong>prendre compromisos<\/strong> i enfortir la confian\u00e7a dins el grup.<\/li>\n<\/ul>\n\n\n\n<figure class=\"wp-block-gallery has-nested-images columns-default is-cropped wp-block-gallery-1 is-layout-flex wp-block-gallery-is-layout-flex\">\n<figure class=\"wp-block-image size-large\"><a href=\"https:\/\/agora.xtec.cat\/escolapacocandel\/wp-content\/uploads\/usu332\/2025\/10\/WhatsApp-Image-2025-10-02-at-13.22.05-1.jpeg\"><img loading=\"lazy\" decoding=\"async\" width=\"1024\" height=\"768\" data-id=\"10187\" src=\"https:\/\/agora.xtec.cat\/escolapacocandel\/wp-content\/uploads\/usu332\/2025\/10\/WhatsApp-Image-2025-10-02-at-13.22.05-1-1024x768.jpeg\" alt=\"\" class=\"wp-image-10187\" srcset=\"https:\/\/agora.xtec.cat\/escolapacocandel\/wp-content\/uploads\/usu332\/2025\/10\/WhatsApp-Image-2025-10-02-at-13.22.05-1-1024x768.jpeg 1024w, https:\/\/agora.xtec.cat\/escolapacocandel\/wp-content\/uploads\/usu332\/2025\/10\/WhatsApp-Image-2025-10-02-at-13.22.05-1-300x225.jpeg 300w, https:\/\/agora.xtec.cat\/escolapacocandel\/wp-content\/uploads\/usu332\/2025\/10\/WhatsApp-Image-2025-10-02-at-13.22.05-1-768x576.jpeg 768w, https:\/\/agora.xtec.cat\/escolapacocandel\/wp-content\/uploads\/usu332\/2025\/10\/WhatsApp-Image-2025-10-02-at-13.22.05-1-1536x1152.jpeg 1536w, https:\/\/agora.xtec.cat\/escolapacocandel\/wp-content\/uploads\/usu332\/2025\/10\/WhatsApp-Image-2025-10-02-at-13.22.05-1-200x150.jpeg 200w, https:\/\/agora.xtec.cat\/escolapacocandel\/wp-content\/uploads\/usu332\/2025\/10\/WhatsApp-Image-2025-10-02-at-13.22.05-1.jpeg 2000w\" sizes=\"auto, (max-width: 1024px) 100vw, 1024px\" \/><\/a><\/figure>\n\n\n\n<figure class=\"wp-block-image size-large\"><a href=\"https:\/\/agora.xtec.cat\/escolapacocandel\/wp-content\/uploads\/usu332\/2025\/10\/WhatsApp-Image-2025-10-02-at-13.22.02-1.jpeg\"><img loading=\"lazy\" decoding=\"async\" width=\"1024\" height=\"768\" data-id=\"10188\" src=\"https:\/\/agora.xtec.cat\/escolapacocandel\/wp-content\/uploads\/usu332\/2025\/10\/WhatsApp-Image-2025-10-02-at-13.22.02-1-1024x768.jpeg\" alt=\"\" class=\"wp-image-10188\" srcset=\"https:\/\/agora.xtec.cat\/escolapacocandel\/wp-content\/uploads\/usu332\/2025\/10\/WhatsApp-Image-2025-10-02-at-13.22.02-1-1024x768.jpeg 1024w, https:\/\/agora.xtec.cat\/escolapacocandel\/wp-content\/uploads\/usu332\/2025\/10\/WhatsApp-Image-2025-10-02-at-13.22.02-1-300x225.jpeg 300w, https:\/\/agora.xtec.cat\/escolapacocandel\/wp-content\/uploads\/usu332\/2025\/10\/WhatsApp-Image-2025-10-02-at-13.22.02-1-768x576.jpeg 768w, https:\/\/agora.xtec.cat\/escolapacocandel\/wp-content\/uploads\/usu332\/2025\/10\/WhatsApp-Image-2025-10-02-at-13.22.02-1-1536x1152.jpeg 1536w, https:\/\/agora.xtec.cat\/escolapacocandel\/wp-content\/uploads\/usu332\/2025\/10\/WhatsApp-Image-2025-10-02-at-13.22.02-1-200x150.jpeg 200w, https:\/\/agora.xtec.cat\/escolapacocandel\/wp-content\/uploads\/usu332\/2025\/10\/WhatsApp-Image-2025-10-02-at-13.22.02-1.jpeg 1600w\" sizes=\"auto, (max-width: 1024px) 100vw, 1024px\" \/><\/a><\/figure>\n<\/figure>\n\n\n\n<p><\/p>\n\n\n\n<p>La jornada va ser un \u00e8xit ple d\u2019aprenentatges i <strong>moments m\u00e0gics<\/strong>, on cada infant va aportar el millor de si mateix i va descobrir la import\u00e0ncia de <strong>cooperar, escoltar i confiar<\/strong>. Estem segures que totes aquestes viv\u00e8ncies tindran un impacte molt positiu en la <strong>conviv\u00e8ncia<\/strong> i el dia a dia a l\u2019escola.<\/p>\n\n\n\n<p>Per poder veure l&#8217;\u00e0lbum de fotografies cliqueu en el seg\u00fcent enlla\u00e7: <\/p>\n\n\n\n<p><a href=\"https:\/\/agora.xtec.cat\/escolapacocandel\/fotos-privat\/fotografies-germanor-grans\/\" data-type=\"link\" data-id=\"https:\/\/agora.xtec.cat\/escolapacocandel\/fotos-privat\/fotografies-germanor-grans\/\">\u00c0LBUM<\/a><\/p>\n\n\n\n<p><\/p>\n","protected":false},"excerpt":{"rendered":"<p>El dilluns 29 de setembre l&#8217;alumnat de la Comunitat de Grans va gaudir d\u2019una sortida molt especial a la Granja Escola de Santa Maria de Palautordera.<\/p>\n<p>L\u2019objectiu de la sortida era que l&#8217;alumnat fes una aturada en la rutina del dia a dia per respirar aire&hellip;  <a href=\"https:\/\/agora.xtec.cat\/escolapacocandel\/comunitat-de-grans\/sortida-de-germanor-a-la-granja-escola-de-santa-maria-de-palautordera\/\" title=\"Read Sortida de germanor a la Granja Escola de Santa Maria de Palautordera\">Llegeix m\u00e9s\u00bb<\/a><\/p>\n","protected":false},"author":65,"featured_media":10185,"comment_status":"open","ping_status":"open","sticky":false,"template":"","format":"standard","meta":{"_bbp_topic_count":0,"_bbp_reply_count":0,"_bbp_total_topic_count":0,"_bbp_total_reply_count":0,"_bbp_voice_count":0,"_bbp_anonymous_reply_count":0,"_bbp_topic_count_hidden":0,"_bbp_reply_count_hidden":0,"_bbp_forum_subforum_count":0,"footnotes":""},"categories":[144,129,143,146],"tags":[202,203,92],"class_list":["post-10183","post","type-post","status-publish","format-standard","has-post-thumbnail","hentry","category-5e","category-comunitat-de-grans","category-4t","category-6e","tag-comunitatdegrans","tag-escolapacocandel","tag-sortides"],"post_mailing_queue_ids":[],"_links":{"self":[{"href":"https:\/\/agora.xtec.cat\/escolapacocandel\/wp-json\/wp\/v2\/posts\/10183","targetHints":{"allow":["GET"]}}],"collection":[{"href":"https:\/\/agora.xtec.cat\/escolapacocandel\/wp-json\/wp\/v2\/posts"}],"about":[{"href":"https:\/\/agora.xtec.cat\/escolapacocandel\/wp-json\/wp\/v2\/types\/post"}],"author":[{"embeddable":true,"href":"https:\/\/agora.xtec.cat\/escolapacocandel\/wp-json\/wp\/v2\/users\/65"}],"replies":[{"embeddable":true,"href":"https:\/\/agora.xtec.cat\/escolapacocandel\/wp-json\/wp\/v2\/comments?post=10183"}],"version-history":[{"count":5,"href":"https:\/\/agora.xtec.cat\/escolapacocandel\/wp-json\/wp\/v2\/posts\/10183\/revisions"}],"predecessor-version":[{"id":10200,"href":"https:\/\/agora.xtec.cat\/escolapacocandel\/wp-json\/wp\/v2\/posts\/10183\/revisions\/10200"}],"wp:featuredmedia":[{"embeddable":true,"href":"https:\/\/agora.xtec.cat\/escolapacocandel\/wp-json\/wp\/v2\/media\/10185"}],"wp:attachment":[{"href":"https:\/\/agora.xtec.cat\/escolapacocandel\/wp-json\/wp\/v2\/media?parent=10183"}],"wp:term":[{"taxonomy":"category","embeddable":true,"href":"https:\/\/agora.xtec.cat\/escolapacocandel\/wp-json\/wp\/v2\/categories?post=10183"},{"taxonomy":"post_tag","embeddable":true,"href":"https:\/\/agora.xtec.cat\/escolapacocandel\/wp-json\/wp\/v2\/tags?post=10183"}],"curies":[{"name":"wp","href":"https:\/\/api.w.org\/{rel}","templated":true}]}}