{"id":10133,"date":"2025-06-20T16:42:14","date_gmt":"2025-06-20T14:42:14","guid":{"rendered":"https:\/\/agora.xtec.cat\/escolapacocandel\/?p=10133"},"modified":"2025-06-20T16:42:14","modified_gmt":"2025-06-20T14:42:14","slug":"la-piscina-aprenentatge-i-diversio-assegurada","status":"publish","type":"post","link":"https:\/\/agora.xtec.cat\/escolapacocandel\/general\/la-piscina-aprenentatge-i-diversio-assegurada\/","title":{"rendered":"La piscina: aprenentatge i diversi\u00f3 assegurada"},"content":{"rendered":"<p data-start=\"268\" data-end=\"499\"><a href=\"https:\/\/agora.xtec.cat\/escolapacocandel\/wp-content\/uploads\/usu332\/2025\/06\/IMG_1314-1-scaled.jpg\"><img loading=\"lazy\" decoding=\"async\" class=\"wp-image-10157 aligncenter\" src=\"https:\/\/agora.xtec.cat\/escolapacocandel\/wp-content\/uploads\/usu332\/2025\/06\/IMG_1314-1-1024x768.jpg\" alt=\"\" width=\"464\" height=\"348\" srcset=\"https:\/\/agora.xtec.cat\/escolapacocandel\/wp-content\/uploads\/usu332\/2025\/06\/IMG_1314-1-1024x768.jpg 1024w, https:\/\/agora.xtec.cat\/escolapacocandel\/wp-content\/uploads\/usu332\/2025\/06\/IMG_1314-1-300x225.jpg 300w, https:\/\/agora.xtec.cat\/escolapacocandel\/wp-content\/uploads\/usu332\/2025\/06\/IMG_1314-1-768x576.jpg 768w, https:\/\/agora.xtec.cat\/escolapacocandel\/wp-content\/uploads\/usu332\/2025\/06\/IMG_1314-1-1536x1152.jpg 1536w, https:\/\/agora.xtec.cat\/escolapacocandel\/wp-content\/uploads\/usu332\/2025\/06\/IMG_1314-1-2048x1536.jpg 2048w, https:\/\/agora.xtec.cat\/escolapacocandel\/wp-content\/uploads\/usu332\/2025\/06\/IMG_1314-1-200x150.jpg 200w\" sizes=\"auto, (max-width: 464px) 100vw, 464px\" \/><\/a><\/p>\n<p data-start=\"268\" data-end=\"499\">A l&#8217;escola, dins del projecte educatiu, s&#8217;ofereix l\u2019activitat de piscina en horari escolar per als infants de 3, 4 i 5 anys. Aquesta experi\u00e8ncia no nom\u00e9s \u00e9s una font de diversi\u00f3, sin\u00f3 tamb\u00e9 un recurs pedag\u00f2gic molt enriquidor.<\/p>\n<p data-start=\"501\" data-end=\"819\">L\u2019activitat aqu\u00e0tica afavoreix el desenvolupament global dels infants: millora la motricitat gruixuda, treballa la coordinaci\u00f3, l\u2019equilibri i la lateralitat, enforteix la musculatura i contribueix al desenvolupament de la capacitat respirat\u00f2ria. Tamb\u00e9 fomenta l&#8217;autonomia, la concentraci\u00f3 i el respecte per les normes.<\/p>\n<p data-start=\"821\" data-end=\"1148\">A m\u00e9s, potencia la seguretat en un entorn diferent, com \u00e9s el medi aqu\u00e0tic, on han d\u2019aprendre a moure\u2019s amb confian\u00e7a i responsabilitat. Superar petits reptes dins l\u2019aigua els ajuda a guanyar autoestima i a creure en les capacitats d&#8217;un mateix. Aquest sentiment de compet\u00e8ncia es trasllada tamb\u00e9 a altres \u00e0mbits de la vida escolar.<\/p>\n<p data-start=\"1150\" data-end=\"1324\">Els infants han gaudit molt de cada sessi\u00f3 i han compartit viv\u00e8ncies que els han ajudat a cr\u00e9ixer feli\u00e7os dins i fora de l\u2019aigua.<\/p>\n<blockquote class=\"wp-embedded-content\" data-secret=\"ykDZlFbekM\"><p><a href=\"https:\/\/agora.xtec.cat\/escolapacocandel\/fotos-privat\/fotos-piscina\/\">FOTOS PISCINA<\/a><\/p><\/blockquote>\n<p><iframe loading=\"lazy\" class=\"wp-embedded-content\" sandbox=\"allow-scripts\" security=\"restricted\" style=\"position: absolute; visibility: hidden;\" title=\"&#8220;FOTOS PISCINA&#8221; &#8212; Escola Paco Candel\" src=\"https:\/\/agora.xtec.cat\/escolapacocandel\/fotos-privat\/fotos-piscina\/embed\/#?secret=3Lw7ObQqqa#?secret=ykDZlFbekM\" data-secret=\"ykDZlFbekM\" width=\"500\" height=\"282\" frameborder=\"0\" marginwidth=\"0\" marginheight=\"0\" scrolling=\"no\"><\/iframe><\/p>\n<p data-start=\"1150\" data-end=\"1324\">\n<p>&nbsp;<\/p>\n<p>&nbsp;<\/p>\n","protected":false},"excerpt":{"rendered":"<p><a href=\"https:\/\/agora.xtec.cat\/escolapacocandel\/wp-content\/uploads\/usu332\/2025\/06\/IMG_1314-1-scaled.jpg\"><\/a><br \/>\nA l&#8217;escola, dins del projecte educatiu, s&#8217;ofereix l\u2019activitat de piscina en horari escolar per als infants de 3, 4 i 5 anys. Aquesta experi\u00e8ncia no nom\u00e9s \u00e9s una font de diversi\u00f3, sin\u00f3 tamb\u00e9 un recurs pedag\u00f2gic molt enriquidor.<br \/>\nL\u2019activitat aqu\u00e0tica afavoreix el desenvolupament global dels&hellip;  <a href=\"https:\/\/agora.xtec.cat\/escolapacocandel\/general\/la-piscina-aprenentatge-i-diversio-assegurada\/\" title=\"Read La piscina: aprenentatge i diversi\u00f3 assegurada\">Llegeix m\u00e9s\u00bb<\/a><\/p>\n","protected":false},"author":73,"featured_media":10157,"comment_status":"open","ping_status":"open","sticky":false,"template":"","format":"standard","meta":{"_bbp_topic_count":0,"_bbp_reply_count":0,"_bbp_total_topic_count":0,"_bbp_total_reply_count":0,"_bbp_voice_count":0,"_bbp_anonymous_reply_count":0,"_bbp_topic_count_hidden":0,"_bbp_reply_count_hidden":0,"_bbp_forum_subforum_count":0,"footnotes":""},"categories":[182,183,196,128,1],"tags":[],"class_list":["post-10133","post","type-post","status-publish","format-standard","has-post-thumbnail","hentry","category-3-anys","category-4-anys","category-5-anys","category-comunitat-de-petits","category-general"],"post_mailing_queue_ids":[],"_links":{"self":[{"href":"https:\/\/agora.xtec.cat\/escolapacocandel\/wp-json\/wp\/v2\/posts\/10133","targetHints":{"allow":["GET"]}}],"collection":[{"href":"https:\/\/agora.xtec.cat\/escolapacocandel\/wp-json\/wp\/v2\/posts"}],"about":[{"href":"https:\/\/agora.xtec.cat\/escolapacocandel\/wp-json\/wp\/v2\/types\/post"}],"author":[{"embeddable":true,"href":"https:\/\/agora.xtec.cat\/escolapacocandel\/wp-json\/wp\/v2\/users\/73"}],"replies":[{"embeddable":true,"href":"https:\/\/agora.xtec.cat\/escolapacocandel\/wp-json\/wp\/v2\/comments?post=10133"}],"version-history":[{"count":3,"href":"https:\/\/agora.xtec.cat\/escolapacocandel\/wp-json\/wp\/v2\/posts\/10133\/revisions"}],"predecessor-version":[{"id":10158,"href":"https:\/\/agora.xtec.cat\/escolapacocandel\/wp-json\/wp\/v2\/posts\/10133\/revisions\/10158"}],"wp:featuredmedia":[{"embeddable":true,"href":"https:\/\/agora.xtec.cat\/escolapacocandel\/wp-json\/wp\/v2\/media\/10157"}],"wp:attachment":[{"href":"https:\/\/agora.xtec.cat\/escolapacocandel\/wp-json\/wp\/v2\/media?parent=10133"}],"wp:term":[{"taxonomy":"category","embeddable":true,"href":"https:\/\/agora.xtec.cat\/escolapacocandel\/wp-json\/wp\/v2\/categories?post=10133"},{"taxonomy":"post_tag","embeddable":true,"href":"https:\/\/agora.xtec.cat\/escolapacocandel\/wp-json\/wp\/v2\/tags?post=10133"}],"curies":[{"name":"wp","href":"https:\/\/api.w.org\/{rel}","templated":true}]}}