{"id":10098,"date":"2025-06-12T11:50:52","date_gmt":"2025-06-12T09:50:52","guid":{"rendered":"https:\/\/agora.xtec.cat\/escolapacocandel\/?p=10098"},"modified":"2025-06-12T11:50:52","modified_gmt":"2025-06-12T09:50:52","slug":"tancament-projecte-3r-els-sectors-de-treball","status":"publish","type":"post","link":"https:\/\/agora.xtec.cat\/escolapacocandel\/comunitat-de-mitjans\/tancament-projecte-3r-els-sectors-de-treball\/","title":{"rendered":"Tancament projecte 3r: els sectors de treball"},"content":{"rendered":"<p data-start=\"297\" data-end=\"637\">Aquest trimestre, els nens i nenes de <strong data-start=\"335\" data-end=\"353\">3r de prim\u00e0ria<\/strong> han estat treballant de valent en un projecte molt interessant: <strong data-start=\"418\" data-end=\"444\">els sectors de treball<\/strong>. Al llarg de les setmanes, han apr\u00e8s quins s\u00f3n els <strong data-start=\"496\" data-end=\"506\">oficis<\/strong> que formen part del <strong data-start=\"527\" data-end=\"567\">sector primari, secundari i terciari<\/strong>, i com tots s\u00f3n importants per al funcionament de la nostra societat.<\/p>\n<p data-start=\"639\" data-end=\"980\">Tamb\u00e9 han descobert com ha canviat el <strong data-start=\"677\" data-end=\"715\">paper de la dona en el m\u00f3n laboral<\/strong> al llarg de la hist\u00f2ria, i han reflexionat sobre una realitat molt dura: el <strong data-start=\"792\" data-end=\"812\">treball infantil<\/strong>, que encara afecta molts infants en diferents parts del m\u00f3n. Han estat moments de conversa i reflexi\u00f3 molt importants que han ajudat a entendre millor el m\u00f3n on vivim.<\/p>\n<p data-start=\"982\" data-end=\"1265\">Com a <strong data-start=\"988\" data-end=\"1019\">producte final del projecte<\/strong>, els nens i nenes de 3r han creat un <strong data-start=\"1057\" data-end=\"1081\">joc sobre els oficis<\/strong>, pensat i dissenyat per ells mateixos. Ha estat una feina col\u00b7laborativa, on cada grup ha aportat idees, creat preguntes, dibuixos i normes del joc. El resultat ha estat espectacular!<\/p>\n<p data-start=\"1267\" data-end=\"1607\">El <strong data-start=\"1270\" data-end=\"1291\">dijous 12 de juny<\/strong>, vam tenir un mat\u00ed molt especial: <strong data-start=\"1328\" data-end=\"1410\">les fam\u00edlies van venir a l\u2019escola per jugar al joc amb els seus fills i filles<\/strong>. L\u2019aula es va omplir de rialles, emoci\u00f3 i molt d\u2019orgull per la feina feta. Els infants estaven encantats d\u2019explicar com havien pensat el joc i de compartir tot el que han apr\u00e8s durant el projecte.<\/p>\n<p data-start=\"1609\" data-end=\"1746\">Ha estat una manera fant\u00e0stica de <strong data-start=\"1643\" data-end=\"1666\">tancar el trimestre<\/strong> i celebrar l\u2019esfor\u00e7, la creativitat i el treball en equip de l&#8217;alumnat.<\/p>\n<p data-start=\"1748\" data-end=\"1787\">Felicitats, 3r! Ho heu fet genial!<\/p>\n<p data-start=\"1748\" data-end=\"1787\">A continuaci\u00f3 teniu un petit recull fotogr\u00e0fic de l&#8217;\u00faltim dia:<\/p>\n<blockquote class=\"wp-embedded-content\" data-secret=\"UFKs5pZ5rB\"><p><a href=\"https:\/\/agora.xtec.cat\/escolapacocandel\/fotos-privat\/fotos-projecte-3r\/\">FOTOS PROJECTE 3r<\/a><\/p><\/blockquote>\n<p><iframe loading=\"lazy\" class=\"wp-embedded-content\" sandbox=\"allow-scripts\" security=\"restricted\" style=\"position: absolute; visibility: hidden;\" title=\"&#8220;FOTOS PROJECTE 3r&#8221; &#8212; Escola Paco Candel\" src=\"https:\/\/agora.xtec.cat\/escolapacocandel\/fotos-privat\/fotos-projecte-3r\/embed\/#?secret=wCAwg6N2Lt#?secret=UFKs5pZ5rB\" data-secret=\"UFKs5pZ5rB\" width=\"500\" height=\"282\" frameborder=\"0\" marginwidth=\"0\" marginheight=\"0\" scrolling=\"no\"><\/iframe><\/p>\n","protected":false},"excerpt":{"rendered":"<p>Aquest trimestre, els nens i nenes de 3r de prim\u00e0ria han estat treballant de valent en un projecte molt interessant: els sectors de treball. Al llarg de les setmanes, han apr\u00e8s quins s\u00f3n els oficis que formen part del sector primari, secundari i terciari, i&hellip;  <a href=\"https:\/\/agora.xtec.cat\/escolapacocandel\/comunitat-de-mitjans\/tancament-projecte-3r-els-sectors-de-treball\/\" title=\"Read Tancament projecte 3r: els sectors de treball\">Llegeix m\u00e9s\u00bb<\/a><\/p>\n","protected":false},"author":21,"featured_media":10099,"comment_status":"open","ping_status":"open","sticky":false,"template":"","format":"standard","meta":{"_bbp_topic_count":0,"_bbp_reply_count":0,"_bbp_total_topic_count":0,"_bbp_total_reply_count":0,"_bbp_voice_count":0,"_bbp_anonymous_reply_count":0,"_bbp_topic_count_hidden":0,"_bbp_reply_count_hidden":0,"_bbp_forum_subforum_count":0,"footnotes":""},"categories":[127,141],"tags":[],"class_list":["post-10098","post","type-post","status-publish","format-standard","has-post-thumbnail","hentry","category-comunitat-de-mitjans","category-3r"],"post_mailing_queue_ids":[],"_links":{"self":[{"href":"https:\/\/agora.xtec.cat\/escolapacocandel\/wp-json\/wp\/v2\/posts\/10098","targetHints":{"allow":["GET"]}}],"collection":[{"href":"https:\/\/agora.xtec.cat\/escolapacocandel\/wp-json\/wp\/v2\/posts"}],"about":[{"href":"https:\/\/agora.xtec.cat\/escolapacocandel\/wp-json\/wp\/v2\/types\/post"}],"author":[{"embeddable":true,"href":"https:\/\/agora.xtec.cat\/escolapacocandel\/wp-json\/wp\/v2\/users\/21"}],"replies":[{"embeddable":true,"href":"https:\/\/agora.xtec.cat\/escolapacocandel\/wp-json\/wp\/v2\/comments?post=10098"}],"version-history":[{"count":2,"href":"https:\/\/agora.xtec.cat\/escolapacocandel\/wp-json\/wp\/v2\/posts\/10098\/revisions"}],"predecessor-version":[{"id":10103,"href":"https:\/\/agora.xtec.cat\/escolapacocandel\/wp-json\/wp\/v2\/posts\/10098\/revisions\/10103"}],"wp:featuredmedia":[{"embeddable":true,"href":"https:\/\/agora.xtec.cat\/escolapacocandel\/wp-json\/wp\/v2\/media\/10099"}],"wp:attachment":[{"href":"https:\/\/agora.xtec.cat\/escolapacocandel\/wp-json\/wp\/v2\/media?parent=10098"}],"wp:term":[{"taxonomy":"category","embeddable":true,"href":"https:\/\/agora.xtec.cat\/escolapacocandel\/wp-json\/wp\/v2\/categories?post=10098"},{"taxonomy":"post_tag","embeddable":true,"href":"https:\/\/agora.xtec.cat\/escolapacocandel\/wp-json\/wp\/v2\/tags?post=10098"}],"curies":[{"name":"wp","href":"https:\/\/api.w.org\/{rel}","templated":true}]}}