{"id":10091,"date":"2025-06-11T13:55:30","date_gmt":"2025-06-11T11:55:30","guid":{"rendered":"https:\/\/agora.xtec.cat\/escolapacocandel\/?p=10091"},"modified":"2025-06-11T13:55:30","modified_gmt":"2025-06-11T11:55:30","slug":"colonia-guell","status":"publish","type":"post","link":"https:\/\/agora.xtec.cat\/escolapacocandel\/comunitat-de-grans\/colonia-guell\/","title":{"rendered":"COL\u00d2NIA G\u00dcELL"},"content":{"rendered":"<p>Us compartim l&#8217;article, que han realitzat el personal del camp d&#8217;aprenentatge de Can Santoi, sobre la sortida que els infants de 5\u00e8 vam fer a la Col\u00f2nia G\u00fcell divendres 6 de juny:<\/p>\n<p>___________<\/p>\n<p>Divendres 6 de juny de 2025 l\u2019alumnat de 5\u00e8 prim\u00e0ria de l<a href=\"https:\/\/agora.xtec.cat\/escolapacocandel\/\" target=\"_blank\" rel=\"noopener\">\u2019Escola Paco Candel\u00a0<\/a>de L\u2019Hospitalet de Llobregat ha visitat\u00a0<a href=\"https:\/\/serveiseducatius.xtec.cat\/cda-cansantoi\/colonia-guell-pri\/\" target=\"_blank\" rel=\"noopener noreferrer\">la Col\u00f2nia G\u00fcell<\/a>\u00a0per fer un viatge en el temps i descobrir com era la vida de les fam\u00edlies que hi treballaven a comen\u00e7aments del segle XX.<\/p>\n<p><img loading=\"lazy\" decoding=\"async\" class=\"size-full wp-image-23679 alignleft\" src=\"https:\/\/serveiseducatius.xtec.cat\/cda-cansantoi\/wp-content\/uploads\/usu1385\/2025\/06\/1749541314692bis.jpg\" alt=\"\" width=\"225\" height=\"300\" \/>En primer lloc, han reflexionat sobre com estava organitzada la col\u00f2nia t\u00e8xtil i han descobert com i qui la va fundar l\u2019any 1890. Organitzats en equips de treball i amb un pl\u00e0nol de la zona, han comen\u00e7at a fer una gimcana completant un recorregut pels diferents punts d\u2019inter\u00e8s. A cadascun dels punts han hagut de respondre unes breus preguntes i col\u00b7locar l\u2019adhesiu corresponent a cada punt. Han observat edificis modernistes com Ca l\u2019Espinal, l\u2019escola i Cal Ordal. Tamb\u00e9 han vist les cases dels obrers, la masia de la fam\u00edlia G\u00fcell o el centre parroquial on anaven els infants. A la Pla\u00e7a Joan G\u00fcell han comprovat que encara hi ha el Teatre Fontova i l\u2019Ateneu Uni\u00f3. Tots els grups han completat l\u2019\u00e0lbum amb imatges de totes les construccions i els elements m\u00e9s destacats!<img loading=\"lazy\" decoding=\"async\" class=\"alignright size-full wp-image-23681\" src=\"https:\/\/serveiseducatius.xtec.cat\/cda-cansantoi\/wp-content\/uploads\/usu1385\/2025\/06\/IMG_7319bis.jpg\" alt=\"\" width=\"300\" height=\"255\" \/><\/p>\n<p>&nbsp;<\/p>\n<p>Despr\u00e9s han passat pel\u00a0<a href=\"http:\/\/gaudicoloniaguell.org\/\" target=\"_blank\" rel=\"noopener\">Centre d\u2019interpretaci\u00f3 de la Col\u00f2nia G\u00fcell<\/a>\u00a0per visitar el museu, on hi ha una maqueta de la zona industrial i diversos materials que il\u00b7lustren el proc\u00e9s industrial que hi tenia lloc: filatura, tissatge, tinci\u00f3 i assecat de velluts i panes. A m\u00e9s a m\u00e9s, han vist un audiovisual de projecci\u00f3 immersiva que mostra com era un dia a la col\u00f2nia fa m\u00e9s d\u2019un segle a trav\u00e9s de la mirada de la Laia, una nena de 10 anys que vivia i treballava a la Col\u00f2nia G\u00fcell.<\/p>\n<p><img loading=\"lazy\" decoding=\"async\" class=\"size-medium wp-image-23682 alignleft\" src=\"https:\/\/serveiseducatius.xtec.cat\/cda-cansantoi\/wp-content\/uploads\/usu1385\/2025\/06\/muntatge-227x300.jpg\" sizes=\"auto, (max-width: 227px) 100vw, 227px\" srcset=\"https:\/\/serveiseducatius.xtec.cat\/cda-cansantoi\/wp-content\/uploads\/usu1385\/2025\/06\/muntatge-227x300.jpg 227w, https:\/\/serveiseducatius.xtec.cat\/cda-cansantoi\/wp-content\/uploads\/usu1385\/2025\/06\/muntatge.jpg 528w\" alt=\"\" width=\"227\" height=\"300\" \/>Finalment, han visitat la cripta, obra de l\u2019arquitecte Antoni Gaud\u00ed que qued\u00e0 inacabada. Han conegut la t\u00e8cnica de construcci\u00f3 basada en l\u2019arc catenari, els diferents materials utilitzats i la rica simbologia que Gaud\u00ed va fer servir per construir i decorar l\u2019interior i l\u2019exterior de qu\u00e8 havia de ser l\u2019esgl\u00e9sia de la Col\u00f2nia.<\/p>\n<p>Gaud\u00ed ide\u00e0 un conjunt plenament integrat a la natura, utilitzant materials propers i reciclats per construir una estructura org\u00e0nica \u00fanica.\u00a0 Quin indret tan bonic!<\/p>\n<p>L\u2019enhorabona per la feina feta!<\/p>\n<p>Fins la propera!<\/p>\n<p>&nbsp;<\/p>\n<p>&nbsp;<\/p>\n<p>&nbsp;<\/p>\n<p>_______________<\/p>\n<p>I a continuaci\u00f3 podeu accedir a les fotografies de la sortida:<\/p>\n<blockquote class=\"wp-embedded-content\" data-secret=\"u1NW8CklTY\"><p><a href=\"https:\/\/agora.xtec.cat\/escolapacocandel\/fotos-privat\/fotos-colonia-guell-5e\/\">Fotos colonia g\u00fcell 5\u00e8<\/a><\/p><\/blockquote>\n<p><iframe loading=\"lazy\" class=\"wp-embedded-content\" sandbox=\"allow-scripts\" security=\"restricted\" style=\"position: absolute; visibility: hidden;\" title=\"&#8220;Fotos colonia g\u00fcell 5\u00e8&#8221; &#8212; Escola Paco Candel\" src=\"https:\/\/agora.xtec.cat\/escolapacocandel\/fotos-privat\/fotos-colonia-guell-5e\/embed\/#?secret=TpUAVDyA1r#?secret=u1NW8CklTY\" data-secret=\"u1NW8CklTY\" width=\"500\" height=\"282\" frameborder=\"0\" marginwidth=\"0\" marginheight=\"0\" scrolling=\"no\"><\/iframe><\/p>\n","protected":false},"excerpt":{"rendered":"<p>Us compartim l&#8217;article, que han realitzat el personal del camp d&#8217;aprenentatge de Can Santoi, sobre la sortida que els infants de 5\u00e8 vam fer a la Col\u00f2nia G\u00fcell divendres 6 de juny:<br \/>\n___________<br \/>\nDivendres 6 de juny de 2025 l\u2019alumnat de 5\u00e8 prim\u00e0ria de l<a href=\"https:\/\/agora.xtec.cat\/escolapacocandel\/\" target=\"_blank\"&hellip;  <a href=\"https:\/\/agora.xtec.cat\/escolapacocandel\/comunitat-de-grans\/colonia-guell\/\" title=\"Read COL\u00d2NIA G\u00dcELL\">Llegeix m\u00e9s\u00bb<\/a><\/p>\n","protected":false},"author":27,"featured_media":10095,"comment_status":"open","ping_status":"open","sticky":false,"template":"","format":"standard","meta":{"_bbp_topic_count":0,"_bbp_reply_count":0,"_bbp_total_topic_count":0,"_bbp_total_reply_count":0,"_bbp_voice_count":0,"_bbp_anonymous_reply_count":0,"_bbp_topic_count_hidden":0,"_bbp_reply_count_hidden":0,"_bbp_forum_subforum_count":0,"footnotes":""},"categories":[144,129],"tags":[],"class_list":["post-10091","post","type-post","status-publish","format-standard","has-post-thumbnail","hentry","category-5e","category-comunitat-de-grans"],"post_mailing_queue_ids":[],"_links":{"self":[{"href":"https:\/\/agora.xtec.cat\/escolapacocandel\/wp-json\/wp\/v2\/posts\/10091","targetHints":{"allow":["GET"]}}],"collection":[{"href":"https:\/\/agora.xtec.cat\/escolapacocandel\/wp-json\/wp\/v2\/posts"}],"about":[{"href":"https:\/\/agora.xtec.cat\/escolapacocandel\/wp-json\/wp\/v2\/types\/post"}],"author":[{"embeddable":true,"href":"https:\/\/agora.xtec.cat\/escolapacocandel\/wp-json\/wp\/v2\/users\/27"}],"replies":[{"embeddable":true,"href":"https:\/\/agora.xtec.cat\/escolapacocandel\/wp-json\/wp\/v2\/comments?post=10091"}],"version-history":[{"count":2,"href":"https:\/\/agora.xtec.cat\/escolapacocandel\/wp-json\/wp\/v2\/posts\/10091\/revisions"}],"predecessor-version":[{"id":10096,"href":"https:\/\/agora.xtec.cat\/escolapacocandel\/wp-json\/wp\/v2\/posts\/10091\/revisions\/10096"}],"wp:featuredmedia":[{"embeddable":true,"href":"https:\/\/agora.xtec.cat\/escolapacocandel\/wp-json\/wp\/v2\/media\/10095"}],"wp:attachment":[{"href":"https:\/\/agora.xtec.cat\/escolapacocandel\/wp-json\/wp\/v2\/media?parent=10091"}],"wp:term":[{"taxonomy":"category","embeddable":true,"href":"https:\/\/agora.xtec.cat\/escolapacocandel\/wp-json\/wp\/v2\/categories?post=10091"},{"taxonomy":"post_tag","embeddable":true,"href":"https:\/\/agora.xtec.cat\/escolapacocandel\/wp-json\/wp\/v2\/tags?post=10091"}],"curies":[{"name":"wp","href":"https:\/\/api.w.org\/{rel}","templated":true}]}}