{"id":10073,"date":"2025-06-10T13:32:36","date_gmt":"2025-06-10T11:32:36","guid":{"rendered":"https:\/\/agora.xtec.cat\/escolapacocandel\/?p=10073"},"modified":"2025-06-10T13:35:20","modified_gmt":"2025-06-10T11:35:20","slug":"sortida-a-climbat-la-foixarda-amb-lalumnat-de-2n","status":"publish","type":"post","link":"https:\/\/agora.xtec.cat\/escolapacocandel\/comunitat-de-mitjans\/2n\/sortida-a-climbat-la-foixarda-amb-lalumnat-de-2n\/","title":{"rendered":"Sortida a Climbat La Foixarda amb l\u2019alumnat de 2n"},"content":{"rendered":"<p data-start=\"109\" data-end=\"478\">Avui al mat\u00ed, l&#8217;alumnat de 2n de l&#8217;escola ha viscut una jornada plena d&#8217;emocions i aprenentatges a Climbat La Foixarda, un espai municipal dedicat a l\u2019escalada i l\u2019activitat f\u00edsica.<\/p>\n<p data-start=\"480\" data-end=\"601\">Durant la sortida, els infants s\u2019han dividit en quatre grups per poder gaudir i aprofitar al m\u00e0xim cinc espais diferents:<\/p>\n<ol data-start=\"603\" data-end=\"1161\">\n<li data-start=\"603\" data-end=\"696\">\n<p data-start=\"606\" data-end=\"696\"><strong data-start=\"606\" data-end=\"629\">Circuit d\u2019agilitat:<\/strong> On han posat a prova la seva coordinaci\u00f3, velocitat i equilibri.<\/p>\n<\/li>\n<li data-start=\"697\" data-end=\"804\">\n<p data-start=\"700\" data-end=\"804\"><strong data-start=\"700\" data-end=\"719\">Circuit Monkey:<\/strong> Una combinaci\u00f3 divertida d\u2019habilitats per grimpar i despla\u00e7ar-se com petits micos!<\/p>\n<\/li>\n<li data-start=\"805\" data-end=\"914\">\n<p data-start=\"808\" data-end=\"914\"><strong data-start=\"808\" data-end=\"844\">Escalada horitzontal i tirolina:<\/strong> Amb reptes de despla\u00e7ament lateral i una emocionant tirolina situats a l&#8217;exterior del Climbat.<\/p>\n<\/li>\n<li data-start=\"915\" data-end=\"1048\">\n<p data-start=\"918\" data-end=\"1048\"><strong data-start=\"918\" data-end=\"961\">Circuit de ponts i tirolines en al\u00e7ada:<\/strong> On han experimentat la sensaci\u00f3 de moure\u2019s per les altures amb seguretat i valentia.<\/p>\n<\/li>\n<li data-start=\"1049\" data-end=\"1161\">\n<p data-start=\"1052\" data-end=\"1161\"><strong data-start=\"1052\" data-end=\"1085\">Escalada amb autoassegurador:<\/strong> Una experi\u00e8ncia d\u2019escalada vertical que fomenta la confian\u00e7a i l\u2019autonomia.<\/p>\n<\/li>\n<\/ol>\n<p data-start=\"1163\" data-end=\"1451\">Amb aquestes activitats, l\u2019alumnat no nom\u00e9s ha millorat les seves capacitats f\u00edsiques i habilitats motrius, sin\u00f3 que tamb\u00e9 ha apr\u00e8s a cooperar, respectar els torns, ajudar als companys i prendre consci\u00e8ncia de la import\u00e0ncia d\u2019un entorn segur i organitzat per a la pr\u00e0ctica de l\u2019escalada.<\/p>\n<p data-start=\"1757\" data-end=\"2021\">Ha estat un mat\u00ed intens, ple d\u2019il\u00b7lusi\u00f3, reptes i molta energia! Continuem pujant i aprenent! \ud83e\uddd7\u200d\u2640\ufe0f\ud83c\udf3f\ud83d\udcaa<\/p>\n<blockquote class=\"wp-embedded-content\" data-secret=\"NQ67L3uhJI\"><p><a href=\"https:\/\/agora.xtec.cat\/escolapacocandel\/fotos-privat\/fotos-climbat-2\/\">Fotos Climbat<\/a><\/p><\/blockquote>\n<p><iframe loading=\"lazy\" class=\"wp-embedded-content\" sandbox=\"allow-scripts\" security=\"restricted\" style=\"position: absolute; visibility: hidden;\" title=\"&#8220;Fotos Climbat&#8221; &#8212; Escola Paco Candel\" src=\"https:\/\/agora.xtec.cat\/escolapacocandel\/fotos-privat\/fotos-climbat-2\/embed\/#?secret=dp65K25kQe#?secret=NQ67L3uhJI\" data-secret=\"NQ67L3uhJI\" width=\"500\" height=\"282\" frameborder=\"0\" marginwidth=\"0\" marginheight=\"0\" scrolling=\"no\"><\/iframe><\/p>\n","protected":false},"excerpt":{"rendered":"<p>Avui al mat\u00ed, l&#8217;alumnat de 2n de l&#8217;escola ha viscut una jornada plena d&#8217;emocions i aprenentatges a Climbat La Foixarda, un espai municipal dedicat a l\u2019escalada i l\u2019activitat f\u00edsica.<br \/>\nDurant la sortida, els infants s\u2019han dividit en quatre grups per poder gaudir i aprofitar al m\u00e0xim&hellip;  <a href=\"https:\/\/agora.xtec.cat\/escolapacocandel\/comunitat-de-mitjans\/2n\/sortida-a-climbat-la-foixarda-amb-lalumnat-de-2n\/\" title=\"Read Sortida a Climbat La Foixarda amb l\u2019alumnat de 2n\">Llegeix m\u00e9s\u00bb<\/a><\/p>\n","protected":false},"author":25,"featured_media":10078,"comment_status":"open","ping_status":"open","sticky":false,"template":"","format":"standard","meta":{"_bbp_topic_count":0,"_bbp_reply_count":0,"_bbp_total_topic_count":0,"_bbp_total_reply_count":0,"_bbp_voice_count":0,"_bbp_anonymous_reply_count":0,"_bbp_topic_count_hidden":0,"_bbp_reply_count_hidden":0,"_bbp_forum_subforum_count":0,"footnotes":""},"categories":[137],"tags":[],"class_list":["post-10073","post","type-post","status-publish","format-standard","has-post-thumbnail","hentry","category-2n"],"post_mailing_queue_ids":[],"_links":{"self":[{"href":"https:\/\/agora.xtec.cat\/escolapacocandel\/wp-json\/wp\/v2\/posts\/10073","targetHints":{"allow":["GET"]}}],"collection":[{"href":"https:\/\/agora.xtec.cat\/escolapacocandel\/wp-json\/wp\/v2\/posts"}],"about":[{"href":"https:\/\/agora.xtec.cat\/escolapacocandel\/wp-json\/wp\/v2\/types\/post"}],"author":[{"embeddable":true,"href":"https:\/\/agora.xtec.cat\/escolapacocandel\/wp-json\/wp\/v2\/users\/25"}],"replies":[{"embeddable":true,"href":"https:\/\/agora.xtec.cat\/escolapacocandel\/wp-json\/wp\/v2\/comments?post=10073"}],"version-history":[{"count":2,"href":"https:\/\/agora.xtec.cat\/escolapacocandel\/wp-json\/wp\/v2\/posts\/10073\/revisions"}],"predecessor-version":[{"id":10077,"href":"https:\/\/agora.xtec.cat\/escolapacocandel\/wp-json\/wp\/v2\/posts\/10073\/revisions\/10077"}],"wp:featuredmedia":[{"embeddable":true,"href":"https:\/\/agora.xtec.cat\/escolapacocandel\/wp-json\/wp\/v2\/media\/10078"}],"wp:attachment":[{"href":"https:\/\/agora.xtec.cat\/escolapacocandel\/wp-json\/wp\/v2\/media?parent=10073"}],"wp:term":[{"taxonomy":"category","embeddable":true,"href":"https:\/\/agora.xtec.cat\/escolapacocandel\/wp-json\/wp\/v2\/categories?post=10073"},{"taxonomy":"post_tag","embeddable":true,"href":"https:\/\/agora.xtec.cat\/escolapacocandel\/wp-json\/wp\/v2\/tags?post=10073"}],"curies":[{"name":"wp","href":"https:\/\/api.w.org\/{rel}","templated":true}]}}