{"id":10043,"date":"2025-06-03T19:23:02","date_gmt":"2025-06-03T17:23:02","guid":{"rendered":"https:\/\/agora.xtec.cat\/escolapacocandel\/?p=10043"},"modified":"2025-06-03T19:23:02","modified_gmt":"2025-06-03T17:23:02","slug":"reunio-pedagogica-fi-de-curs-6e","status":"publish","type":"post","link":"https:\/\/agora.xtec.cat\/escolapacocandel\/comunitat-de-grans\/reunio-pedagogica-fi-de-curs-6e\/","title":{"rendered":"Reuni\u00f3 pedag\u00f2gica fi de curs 6\u00e8"},"content":{"rendered":"<p data-start=\"82\" data-end=\"133\">Benvolgudes fam\u00edlies de sis\u00e8,<\/p>\n<p data-start=\"135\" data-end=\"303\">Compartim amb vosaltres l\u2019enlla\u00e7 de la\u00a0<strong data-start=\"163\" data-end=\"190\">reuni\u00f3 de final de curs<\/strong> que del passat <strong data-start=\"218\" data-end=\"241\">dilluns 2 de juny<\/strong>, aix\u00ed com els <b>audiovisuals <\/b>que vam projectar durant la trobada.<\/p>\n<p data-start=\"381\" data-end=\"623\">Vam fer un rep\u00e0s del curs, destacant els aprenentatges, les activitats m\u00e9s significatives i l\u2019evoluci\u00f3 del grup. Us deixem al final els enlla\u00e7os per poder visualitzar les presentacions i els audiovisuals.<\/p>\n<p data-start=\"625\" data-end=\"799\"><strong data-start=\"628\" data-end=\"667\">Moltes gr\u00e0cies a totes les fam\u00edlies<\/strong>\u00a0per la vostra assist\u00e8ncia, col\u00b7laboraci\u00f3 i implicaci\u00f3 al llarg del curs.<\/p>\n<p data-start=\"801\" data-end=\"928\">Ara, amb la mirada posada a la festa de comiat, l\u2019estiu i a la nova etapa que comencen a l&#8217;institut, nom\u00e9s ens queda dir\u2026 <strong data-start=\"896\" data-end=\"928\">gr\u00e0cies per aquest gran any!<\/strong><\/p>\n<p data-start=\"801\" data-end=\"928\">Equip de sis\u00e8<\/p>\n<blockquote class=\"wp-embedded-content\" data-secret=\"Xo8kfdxndo\"><p><a href=\"https:\/\/agora.xtec.cat\/escolapacocandel\/fotos-privat\/reunio-6e-3\/\">Reuni\u00f3 6\u00e8<\/a><\/p><\/blockquote>\n<p><iframe loading=\"lazy\" class=\"wp-embedded-content\" sandbox=\"allow-scripts\" security=\"restricted\" style=\"position: absolute; visibility: hidden;\" title=\"&#8220;Reuni\u00f3 6\u00e8&#8221; &#8212; Escola Paco Candel\" src=\"https:\/\/agora.xtec.cat\/escolapacocandel\/fotos-privat\/reunio-6e-3\/embed\/#?secret=mCIcc9H3F4#?secret=Xo8kfdxndo\" data-secret=\"Xo8kfdxndo\" width=\"500\" height=\"282\" frameborder=\"0\" marginwidth=\"0\" marginheight=\"0\" scrolling=\"no\"><\/iframe><\/p>\n","protected":false},"excerpt":{"rendered":"<p>Benvolgudes fam\u00edlies de sis\u00e8,<br \/>\nCompartim amb vosaltres l\u2019enlla\u00e7 de la\u00a0reuni\u00f3 de final de curs que del passat dilluns 2 de juny, aix\u00ed com els audiovisuals que vam projectar durant la trobada.<br \/>\nVam fer un rep\u00e0s del curs, destacant els aprenentatges, les activitats m\u00e9s significatives i l\u2019evoluci\u00f3 del&hellip;  <a href=\"https:\/\/agora.xtec.cat\/escolapacocandel\/comunitat-de-grans\/reunio-pedagogica-fi-de-curs-6e\/\" title=\"Read Reuni\u00f3 pedag\u00f2gica fi de curs 6\u00e8\">Llegeix m\u00e9s\u00bb<\/a><\/p>\n","protected":false},"author":20,"featured_media":10044,"comment_status":"open","ping_status":"closed","sticky":false,"template":"","format":"standard","meta":{"_bbp_topic_count":0,"_bbp_reply_count":0,"_bbp_total_topic_count":0,"_bbp_total_reply_count":0,"_bbp_voice_count":0,"_bbp_anonymous_reply_count":0,"_bbp_topic_count_hidden":0,"_bbp_reply_count_hidden":0,"_bbp_forum_subforum_count":0,"footnotes":""},"categories":[129,146],"tags":[],"class_list":["post-10043","post","type-post","status-publish","format-standard","has-post-thumbnail","hentry","category-comunitat-de-grans","category-6e"],"post_mailing_queue_ids":[],"_links":{"self":[{"href":"https:\/\/agora.xtec.cat\/escolapacocandel\/wp-json\/wp\/v2\/posts\/10043","targetHints":{"allow":["GET"]}}],"collection":[{"href":"https:\/\/agora.xtec.cat\/escolapacocandel\/wp-json\/wp\/v2\/posts"}],"about":[{"href":"https:\/\/agora.xtec.cat\/escolapacocandel\/wp-json\/wp\/v2\/types\/post"}],"author":[{"embeddable":true,"href":"https:\/\/agora.xtec.cat\/escolapacocandel\/wp-json\/wp\/v2\/users\/20"}],"replies":[{"embeddable":true,"href":"https:\/\/agora.xtec.cat\/escolapacocandel\/wp-json\/wp\/v2\/comments?post=10043"}],"version-history":[{"count":3,"href":"https:\/\/agora.xtec.cat\/escolapacocandel\/wp-json\/wp\/v2\/posts\/10043\/revisions"}],"predecessor-version":[{"id":10056,"href":"https:\/\/agora.xtec.cat\/escolapacocandel\/wp-json\/wp\/v2\/posts\/10043\/revisions\/10056"}],"wp:featuredmedia":[{"embeddable":true,"href":"https:\/\/agora.xtec.cat\/escolapacocandel\/wp-json\/wp\/v2\/media\/10044"}],"wp:attachment":[{"href":"https:\/\/agora.xtec.cat\/escolapacocandel\/wp-json\/wp\/v2\/media?parent=10043"}],"wp:term":[{"taxonomy":"category","embeddable":true,"href":"https:\/\/agora.xtec.cat\/escolapacocandel\/wp-json\/wp\/v2\/categories?post=10043"},{"taxonomy":"post_tag","embeddable":true,"href":"https:\/\/agora.xtec.cat\/escolapacocandel\/wp-json\/wp\/v2\/tags?post=10043"}],"curies":[{"name":"wp","href":"https:\/\/api.w.org\/{rel}","templated":true}]}}