{"id":10033,"date":"2025-05-30T17:05:24","date_gmt":"2025-05-30T15:05:24","guid":{"rendered":"https:\/\/agora.xtec.cat\/escolapacocandel\/?p=10033"},"modified":"2025-05-30T10:19:55","modified_gmt":"2025-05-30T08:19:55","slug":"colonies-de-3r-i-4t","status":"publish","type":"post","link":"https:\/\/agora.xtec.cat\/escolapacocandel\/comunitat-de-mitjans\/colonies-de-3r-i-4t\/","title":{"rendered":"Col\u00f2nies de 3r i 4t"},"content":{"rendered":"<p data-start=\"205\" data-end=\"464\">L&#8217;alumnat de 3r i 4t de prim\u00e0ria han viscut una experi\u00e8ncia \u00fanica durant les col\u00f2nies d\u2019aquest any, que han tingut lloc a la casa de col\u00f2nies <strong data-start=\"349\" data-end=\"374\">Mol\u00ed Vell de Calabuig<\/strong>, un entorn natural privilegiat que ens ha acollit amb els bra\u00e7os oberts i un sol radiant!<\/p>\n<p data-start=\"466\" data-end=\"882\">Durant aquests dies plens d\u2019aventures, els infants han pogut participar en activitats molt diverses i engrescadores. Han posat a prova la seva habilitat i valentia al <strong data-start=\"633\" data-end=\"645\">roc\u00f2drom<\/strong>, han practicat la punteria al <strong data-start=\"676\" data-end=\"691\">tir amb arc<\/strong> i han apr\u00e8s molt sobre el m\u00f3n rural tot coneixent de prop els animals de la <strong data-start=\"768\" data-end=\"778\">granja<\/strong>. Ha estat una gran oportunitat per despertar curiositats, compartir moments i descobrir noves passions.<\/p>\n<p data-start=\"884\" data-end=\"1102\">El bon temps ens ha acompanyat i aix\u00f2 ha perm\u00e8s gaudir d\u2019<strong data-start=\"941\" data-end=\"977\">estones refrescants a la piscina<\/strong>, que han estat molt esperades i celebrades per tothom. Res millor que un bon capbuss\u00f3 despr\u00e9s d\u2019un mat\u00ed intens d\u2019activitats!<\/p>\n<p data-start=\"1104\" data-end=\"1282\">Les <strong data-start=\"1108\" data-end=\"1116\">nits<\/strong> tamb\u00e9 han estat plenes de m\u00e0gia i emoci\u00f3. Els <strong data-start=\"1163\" data-end=\"1178\">jocs de nit<\/strong> han sigut un dels moments m\u00e9s especials, amb din\u00e0miques divertides i molta complicitat entre els grups.<\/p>\n<p data-start=\"1284\" data-end=\"1499\">I per tancar les col\u00f2nies amb un toc especial, la <strong data-start=\"1334\" data-end=\"1349\">darrera nit<\/strong> vam celebrar una espectacular <strong data-start=\"1380\" data-end=\"1395\">nit de gala<\/strong>, on no van faltar la m\u00fasica, els balls i, sobretot, moltes rialles i records per guardar per sempre.<\/p>\n<p data-start=\"1501\" data-end=\"1649\">Tornem a casa amb les motxilles plenes d\u2019experi\u00e8ncies, d\u2019aprenentatges i d\u2019amistats enfortides. Sens dubte, aquestes col\u00f2nies han estat tot un \u00e8xit!<\/p>\n<p data-start=\"1501\" data-end=\"1649\">A continuaci\u00f3 us deixem les fotografies d&#8217;aquests dies:<\/p>\n<blockquote class=\"wp-embedded-content\" data-secret=\"KinXhuf1mg\"><p><a href=\"https:\/\/agora.xtec.cat\/escolapacocandel\/fotos-privat\/fotos-colonies-3r-i-4t\/\">Fotos col\u00f2nies 3r i 4t<\/a><\/p><\/blockquote>\n<p><iframe loading=\"lazy\" class=\"wp-embedded-content\" sandbox=\"allow-scripts\" security=\"restricted\" style=\"position: absolute; visibility: hidden;\" title=\"&#8220;Fotos col\u00f2nies 3r i 4t&#8221; &#8212; Escola Paco Candel\" src=\"https:\/\/agora.xtec.cat\/escolapacocandel\/fotos-privat\/fotos-colonies-3r-i-4t\/embed\/#?secret=lMXWXNaxo0#?secret=KinXhuf1mg\" data-secret=\"KinXhuf1mg\" width=\"500\" height=\"282\" frameborder=\"0\" marginwidth=\"0\" marginheight=\"0\" scrolling=\"no\"><\/iframe><\/p>\n","protected":false},"excerpt":{"rendered":"<p>L&#8217;alumnat de 3r i 4t de prim\u00e0ria han viscut una experi\u00e8ncia \u00fanica durant les col\u00f2nies d\u2019aquest any, que han tingut lloc a la casa de col\u00f2nies Mol\u00ed Vell de Calabuig, un entorn natural privilegiat que ens ha acollit amb els bra\u00e7os oberts i un sol&hellip;  <a href=\"https:\/\/agora.xtec.cat\/escolapacocandel\/comunitat-de-mitjans\/colonies-de-3r-i-4t\/\" title=\"Read Col\u00f2nies de 3r i 4t\">Llegeix m\u00e9s\u00bb<\/a><\/p>\n","protected":false},"author":21,"featured_media":10034,"comment_status":"open","ping_status":"closed","sticky":false,"template":"","format":"standard","meta":{"_bbp_topic_count":0,"_bbp_reply_count":0,"_bbp_total_topic_count":0,"_bbp_total_reply_count":0,"_bbp_voice_count":0,"_bbp_anonymous_reply_count":0,"_bbp_topic_count_hidden":0,"_bbp_reply_count_hidden":0,"_bbp_forum_subforum_count":0,"footnotes":""},"categories":[129,127,143,141],"tags":[],"class_list":["post-10033","post","type-post","status-publish","format-standard","has-post-thumbnail","hentry","category-comunitat-de-grans","category-comunitat-de-mitjans","category-4t","category-3r"],"post_mailing_queue_ids":[],"_links":{"self":[{"href":"https:\/\/agora.xtec.cat\/escolapacocandel\/wp-json\/wp\/v2\/posts\/10033","targetHints":{"allow":["GET"]}}],"collection":[{"href":"https:\/\/agora.xtec.cat\/escolapacocandel\/wp-json\/wp\/v2\/posts"}],"about":[{"href":"https:\/\/agora.xtec.cat\/escolapacocandel\/wp-json\/wp\/v2\/types\/post"}],"author":[{"embeddable":true,"href":"https:\/\/agora.xtec.cat\/escolapacocandel\/wp-json\/wp\/v2\/users\/21"}],"replies":[{"embeddable":true,"href":"https:\/\/agora.xtec.cat\/escolapacocandel\/wp-json\/wp\/v2\/comments?post=10033"}],"version-history":[{"count":3,"href":"https:\/\/agora.xtec.cat\/escolapacocandel\/wp-json\/wp\/v2\/posts\/10033\/revisions"}],"predecessor-version":[{"id":10042,"href":"https:\/\/agora.xtec.cat\/escolapacocandel\/wp-json\/wp\/v2\/posts\/10033\/revisions\/10042"}],"wp:featuredmedia":[{"embeddable":true,"href":"https:\/\/agora.xtec.cat\/escolapacocandel\/wp-json\/wp\/v2\/media\/10034"}],"wp:attachment":[{"href":"https:\/\/agora.xtec.cat\/escolapacocandel\/wp-json\/wp\/v2\/media?parent=10033"}],"wp:term":[{"taxonomy":"category","embeddable":true,"href":"https:\/\/agora.xtec.cat\/escolapacocandel\/wp-json\/wp\/v2\/categories?post=10033"},{"taxonomy":"post_tag","embeddable":true,"href":"https:\/\/agora.xtec.cat\/escolapacocandel\/wp-json\/wp\/v2\/tags?post=10033"}],"curies":[{"name":"wp","href":"https:\/\/api.w.org\/{rel}","templated":true}]}}