{"id":10014,"date":"2025-05-23T10:25:45","date_gmt":"2025-05-23T08:25:45","guid":{"rendered":"https:\/\/agora.xtec.cat\/escolapacocandel\/?p=10014"},"modified":"2025-05-23T10:25:45","modified_gmt":"2025-05-23T08:25:45","slug":"reunio-pedagogica-fi-de-curs-1r","status":"publish","type":"post","link":"https:\/\/agora.xtec.cat\/escolapacocandel\/comunitat-de-mitjans\/reunio-pedagogica-fi-de-curs-1r\/","title":{"rendered":"REUNI\u00d3 PEDAG\u00d2GICA FI DE CURS 1r"},"content":{"rendered":"<p data-start=\"82\" data-end=\"133\">Benvolgudes fam\u00edlies de primer,<\/p>\n<p data-start=\"135\" data-end=\"303\">Compartim amb vosaltres l\u2019enlla\u00e7 de la <strong data-start=\"163\" data-end=\"190\">reuni\u00f3 de final de curs<\/strong> que vam celebrar el passat <strong data-start=\"218\" data-end=\"241\">dimecres 21 de maig<\/strong>, aix\u00ed com els <strong data-start=\"256\" data-end=\"266\">v\u00eddeos<\/strong> que vam projectar durant la trobada.<\/p>\n<p data-start=\"381\" data-end=\"623\">Vam fer un rep\u00e0s del curs, destacant els aprenentatges, les activitats m\u00e9s significatives i l\u2019evoluci\u00f3 del grup. Tamb\u00e9 vam compartir imatges i moments que han fet d\u2019aquest curs una experi\u00e8ncia \u00fanica per als nostres infants.<\/p>\n<p data-start=\"625\" data-end=\"799\"><strong data-start=\"628\" data-end=\"667\">Moltes gr\u00e0cies a totes les fam\u00edlies<\/strong> per la vostra assist\u00e8ncia, col\u00b7laboraci\u00f3 i implicaci\u00f3 al llarg del curs.<\/p>\n<p data-start=\"801\" data-end=\"928\">Ara, amb la mirada posada a l\u2019estiu i tamb\u00e9 al nou curs que ens espera, nom\u00e9s ens queda dir&#8230; <strong data-start=\"896\" data-end=\"928\">gr\u00e0cies per aquest gran any!<\/strong><\/p>\n<p data-start=\"801\" data-end=\"928\">Equip de primer<\/p>\n<p><a href=\"https:\/\/agora.xtec.cat\/escolapacocandel\/general\/enllac-reunio-fi-de-curs\/\">VEURE LA REUNI\u00d3<\/a><\/p>\n","protected":false},"excerpt":{"rendered":"<p>Benvolgudes fam\u00edlies de primer,<br \/>\nCompartim amb vosaltres l\u2019enlla\u00e7 de la reuni\u00f3 de final de curs que vam celebrar el passat dimecres 21 de maig, aix\u00ed com els v\u00eddeos que vam projectar durant la trobada.<br \/>\nVam fer un rep\u00e0s del curs, destacant els aprenentatges, les activitats m\u00e9s significatives&hellip;  <a href=\"https:\/\/agora.xtec.cat\/escolapacocandel\/comunitat-de-mitjans\/reunio-pedagogica-fi-de-curs-1r\/\" title=\"Read REUNI\u00d3 PEDAG\u00d2GICA FI DE CURS 1r\">Llegeix m\u00e9s\u00bb<\/a><\/p>\n","protected":false},"author":1,"featured_media":10015,"comment_status":"open","ping_status":"closed","sticky":false,"template":"","format":"standard","meta":{"_bbp_topic_count":0,"_bbp_reply_count":0,"_bbp_total_topic_count":0,"_bbp_total_reply_count":0,"_bbp_voice_count":0,"_bbp_anonymous_reply_count":0,"_bbp_topic_count_hidden":0,"_bbp_reply_count_hidden":0,"_bbp_forum_subforum_count":0,"footnotes":""},"categories":[127,140],"tags":[],"class_list":["post-10014","post","type-post","status-publish","format-standard","has-post-thumbnail","hentry","category-comunitat-de-mitjans","category-1r"],"post_mailing_queue_ids":[],"_links":{"self":[{"href":"https:\/\/agora.xtec.cat\/escolapacocandel\/wp-json\/wp\/v2\/posts\/10014","targetHints":{"allow":["GET"]}}],"collection":[{"href":"https:\/\/agora.xtec.cat\/escolapacocandel\/wp-json\/wp\/v2\/posts"}],"about":[{"href":"https:\/\/agora.xtec.cat\/escolapacocandel\/wp-json\/wp\/v2\/types\/post"}],"author":[{"embeddable":true,"href":"https:\/\/agora.xtec.cat\/escolapacocandel\/wp-json\/wp\/v2\/users\/1"}],"replies":[{"embeddable":true,"href":"https:\/\/agora.xtec.cat\/escolapacocandel\/wp-json\/wp\/v2\/comments?post=10014"}],"version-history":[{"count":1,"href":"https:\/\/agora.xtec.cat\/escolapacocandel\/wp-json\/wp\/v2\/posts\/10014\/revisions"}],"predecessor-version":[{"id":10016,"href":"https:\/\/agora.xtec.cat\/escolapacocandel\/wp-json\/wp\/v2\/posts\/10014\/revisions\/10016"}],"wp:featuredmedia":[{"embeddable":true,"href":"https:\/\/agora.xtec.cat\/escolapacocandel\/wp-json\/wp\/v2\/media\/10015"}],"wp:attachment":[{"href":"https:\/\/agora.xtec.cat\/escolapacocandel\/wp-json\/wp\/v2\/media?parent=10014"}],"wp:term":[{"taxonomy":"category","embeddable":true,"href":"https:\/\/agora.xtec.cat\/escolapacocandel\/wp-json\/wp\/v2\/categories?post=10014"},{"taxonomy":"post_tag","embeddable":true,"href":"https:\/\/agora.xtec.cat\/escolapacocandel\/wp-json\/wp\/v2\/tags?post=10014"}],"curies":[{"name":"wp","href":"https:\/\/api.w.org\/{rel}","templated":true}]}}