{"id":10008,"date":"2025-05-16T18:00:55","date_gmt":"2025-05-16T16:00:55","guid":{"rendered":"https:\/\/agora.xtec.cat\/escolapacocandel\/?p=10008"},"modified":"2025-05-15T18:54:27","modified_gmt":"2025-05-15T16:54:27","slug":"colonies-ei5-una-experiencia-inoblidable","status":"publish","type":"post","link":"https:\/\/agora.xtec.cat\/escolapacocandel\/comunitat-de-petits\/5-anys\/colonies-ei5-una-experiencia-inoblidable\/","title":{"rendered":"Col\u00f2nies EI5, una experi\u00e8ncia inoblidable."},"content":{"rendered":"<p>Els nens i nenes han viscut una aventura plena de descobertes a El Pinatar, en ple cor del Parc Natural del Montseny, un entorn \u00fanic i privilegiat on la natura es converteix en escenari i protagonista de cada moment.<\/p>\n<p>Durant la seva estada, els infants han participat en unes col\u00f2nies tem\u00e0tiques centrades en el coneixement del medi natural, guiats per un equip de monitors i monitores que han dinamitzat totes les activitats amb il\u00b7lusi\u00f3 i comprom\u00eds. A trav\u00e9s de jocs, excursions i tallers, han gaudit d&#8217;aquests tres dies a m\u00e9s d&#8217;explorar els boscos i observar insectes sempre respectant el nostre entorn natural.<\/p>\n<p>Amb l\u2019ajuda d\u2019un fullet animat, els infants han seguit el fil conductor de les col\u00f2nies, convertint-se en exploradors, sent aix\u00ed una experi\u00e8ncia plena de sentit i emoci\u00f3. On ha estat una\u00a0oportunitat \u00fanica per cr\u00e9ixer, compartir i viure moments que segurament quedaran gravats per molt de temps.<\/p>\n<p>Agra\u00efm a totes les fam\u00edlies la confian\u00e7a dipositada i que gaudiu de les fotos. Fins a la pr\u00f2xima aventura!<\/p>\n<blockquote class=\"wp-embedded-content\" data-secret=\"vxkMhQlRK1\"><p><a href=\"https:\/\/agora.xtec.cat\/escolapacocandel\/fotos-privat\/fotos-colonies-ei5\/\">Protegit: Fotos col\u00f2nies EI5<\/a><\/p><\/blockquote>\n<p><iframe loading=\"lazy\" class=\"wp-embedded-content\" sandbox=\"allow-scripts\" security=\"restricted\" style=\"position: absolute; clip: rect(1px, 1px, 1px, 1px);\" title=\"&#8220;Protegit: Fotos col\u00f2nies EI5&#8221; &#8212; Escola Paco Candel\" src=\"https:\/\/agora.xtec.cat\/escolapacocandel\/fotos-privat\/fotos-colonies-ei5\/embed\/#?secret=8wSQq6Dlaq#?secret=vxkMhQlRK1\" data-secret=\"vxkMhQlRK1\" width=\"500\" height=\"282\" frameborder=\"0\" marginwidth=\"0\" marginheight=\"0\" scrolling=\"no\"><\/iframe><\/p>\n","protected":false},"excerpt":{"rendered":"<p>Els nens i nenes han viscut una aventura plena de descobertes a El Pinatar, en ple cor del Parc Natural del Montseny, un entorn \u00fanic i privilegiat on la natura es converteix en escenari i protagonista de cada moment.<br \/>\nDurant la seva estada, els infants han&hellip;  <a href=\"https:\/\/agora.xtec.cat\/escolapacocandel\/comunitat-de-petits\/5-anys\/colonies-ei5-una-experiencia-inoblidable\/\" title=\"Read Col\u00f2nies EI5, una experi\u00e8ncia inoblidable.\">Llegeix m\u00e9s\u00bb<\/a><\/p>\n","protected":false},"author":25,"featured_media":0,"comment_status":"open","ping_status":"closed","sticky":false,"template":"","format":"standard","meta":{"_bbp_topic_count":0,"_bbp_reply_count":0,"_bbp_total_topic_count":0,"_bbp_total_reply_count":0,"_bbp_voice_count":0,"_bbp_anonymous_reply_count":0,"_bbp_topic_count_hidden":0,"_bbp_reply_count_hidden":0,"_bbp_forum_subforum_count":0,"footnotes":""},"categories":[196],"tags":[],"class_list":["post-10008","post","type-post","status-publish","format-standard","hentry","category-5-anys"],"post_mailing_queue_ids":[],"_links":{"self":[{"href":"https:\/\/agora.xtec.cat\/escolapacocandel\/wp-json\/wp\/v2\/posts\/10008","targetHints":{"allow":["GET"]}}],"collection":[{"href":"https:\/\/agora.xtec.cat\/escolapacocandel\/wp-json\/wp\/v2\/posts"}],"about":[{"href":"https:\/\/agora.xtec.cat\/escolapacocandel\/wp-json\/wp\/v2\/types\/post"}],"author":[{"embeddable":true,"href":"https:\/\/agora.xtec.cat\/escolapacocandel\/wp-json\/wp\/v2\/users\/25"}],"replies":[{"embeddable":true,"href":"https:\/\/agora.xtec.cat\/escolapacocandel\/wp-json\/wp\/v2\/comments?post=10008"}],"version-history":[{"count":1,"href":"https:\/\/agora.xtec.cat\/escolapacocandel\/wp-json\/wp\/v2\/posts\/10008\/revisions"}],"predecessor-version":[{"id":10009,"href":"https:\/\/agora.xtec.cat\/escolapacocandel\/wp-json\/wp\/v2\/posts\/10008\/revisions\/10009"}],"wp:attachment":[{"href":"https:\/\/agora.xtec.cat\/escolapacocandel\/wp-json\/wp\/v2\/media?parent=10008"}],"wp:term":[{"taxonomy":"category","embeddable":true,"href":"https:\/\/agora.xtec.cat\/escolapacocandel\/wp-json\/wp\/v2\/categories?post=10008"},{"taxonomy":"post_tag","embeddable":true,"href":"https:\/\/agora.xtec.cat\/escolapacocandel\/wp-json\/wp\/v2\/tags?post=10008"}],"curies":[{"name":"wp","href":"https:\/\/api.w.org\/{rel}","templated":true}]}}