{"id":10003,"date":"2025-05-15T13:05:18","date_gmt":"2025-05-15T11:05:18","guid":{"rendered":"https:\/\/agora.xtec.cat\/escolapacocandel\/?p=10003"},"modified":"2025-05-15T13:05:18","modified_gmt":"2025-05-15T11:05:18","slug":"reunions-final-de-curs-i4","status":"publish","type":"post","link":"https:\/\/agora.xtec.cat\/escolapacocandel\/comunitat-de-petits\/4-anys\/reunions-final-de-curs-i4\/","title":{"rendered":"REUNIONS FINAL DE CURS I4"},"content":{"rendered":"<p><a href=\"https:\/\/agora.xtec.cat\/escolapacocandel\/wp-content\/uploads\/usu332\/2025\/05\/I4A_REUNIO-FINAL-FAMILIES_juny-2025-2.jpg\"><img loading=\"lazy\" decoding=\"async\" class=\"wp-image-10004 aligncenter\" src=\"https:\/\/agora.xtec.cat\/escolapacocandel\/wp-content\/uploads\/usu332\/2025\/05\/I4A_REUNIO-FINAL-FAMILIES_juny-2025-2-1024x724.jpg\" alt=\"\" width=\"392\" height=\"277\" srcset=\"https:\/\/agora.xtec.cat\/escolapacocandel\/wp-content\/uploads\/usu332\/2025\/05\/I4A_REUNIO-FINAL-FAMILIES_juny-2025-2-1024x724.jpg 1024w, https:\/\/agora.xtec.cat\/escolapacocandel\/wp-content\/uploads\/usu332\/2025\/05\/I4A_REUNIO-FINAL-FAMILIES_juny-2025-2-300x212.jpg 300w, https:\/\/agora.xtec.cat\/escolapacocandel\/wp-content\/uploads\/usu332\/2025\/05\/I4A_REUNIO-FINAL-FAMILIES_juny-2025-2-768x543.jpg 768w, https:\/\/agora.xtec.cat\/escolapacocandel\/wp-content\/uploads\/usu332\/2025\/05\/I4A_REUNIO-FINAL-FAMILIES_juny-2025-2-1536x1086.jpg 1536w, https:\/\/agora.xtec.cat\/escolapacocandel\/wp-content\/uploads\/usu332\/2025\/05\/I4A_REUNIO-FINAL-FAMILIES_juny-2025-2.jpg 2000w\" sizes=\"auto, (max-width: 392px) 100vw, 392px\" \/><\/a><\/p>\n<p>El passat dimecres 14 de maig van tenir lloc les reunions de final de curs dels dos grups de quatre anys. <span class=\"OYPEnA font-feature-liga-off font-feature-clig-off font-feature-calt-off text-decoration-none text-strikethrough-none\">Al llarg d\u2019aquest curs, s&#8217;han anat teixint viv\u00e8ncies compartides, mirades, gestos de complicitat. Els infants de quatre anys han anat construint nous vincles entre ells i amb les mestres, creant una xarxa rica de relacions que els ha ajudat a cr\u00e9ixer, a sentir-se part del grup i a viure amb intensitat cada moment del dia a dia. A continuaci\u00f3 trobareu els enlla\u00e7os a les presentacions que recullen l&#8217;evoluci\u00f3 del grup aix\u00ed com les orles de cada grup. Esperem que gaudiu d&#8217;aquest recull.<\/span><\/p>\n<blockquote class=\"wp-embedded-content\" data-secret=\"iA9ekERLGP\"><p><a href=\"https:\/\/agora.xtec.cat\/escolapacocandel\/fotos-privat\/presentacio-reunio-final-de-curs-i4\/\">Presentaci\u00f3 Reuni\u00f3 final de curs I4<\/a><\/p><\/blockquote>\n<p><iframe loading=\"lazy\" class=\"wp-embedded-content\" sandbox=\"allow-scripts\" security=\"restricted\" style=\"position: absolute; clip: rect(1px, 1px, 1px, 1px);\" title=\"&#8220;Presentaci\u00f3 Reuni\u00f3 final de curs I4&#8221; &#8212; Escola Paco Candel\" src=\"https:\/\/agora.xtec.cat\/escolapacocandel\/fotos-privat\/presentacio-reunio-final-de-curs-i4\/embed\/#?secret=7S2u7F284I#?secret=iA9ekERLGP\" data-secret=\"iA9ekERLGP\" width=\"500\" height=\"282\" frameborder=\"0\" marginwidth=\"0\" marginheight=\"0\" scrolling=\"no\"><\/iframe><\/p>\n","protected":false},"excerpt":{"rendered":"<p><a href=\"https:\/\/agora.xtec.cat\/escolapacocandel\/wp-content\/uploads\/usu332\/2025\/05\/I4A_REUNIO-FINAL-FAMILIES_juny-2025-2.jpg\"><\/a><br \/>\nEl passat dimecres 14 de maig van tenir lloc les reunions de final de curs dels dos grups de quatre anys. Al llarg d\u2019aquest curs, s&#8217;han anat teixint viv\u00e8ncies compartides, mirades, gestos de complicitat. Els infants de quatre anys han anat construint nous vincles&hellip;  <a href=\"https:\/\/agora.xtec.cat\/escolapacocandel\/comunitat-de-petits\/4-anys\/reunions-final-de-curs-i4\/\" title=\"Read REUNIONS FINAL DE CURS I4\">Llegeix m\u00e9s\u00bb<\/a><\/p>\n","protected":false},"author":73,"featured_media":10004,"comment_status":"open","ping_status":"closed","sticky":false,"template":"","format":"standard","meta":{"_bbp_topic_count":0,"_bbp_reply_count":0,"_bbp_total_topic_count":0,"_bbp_total_reply_count":0,"_bbp_voice_count":0,"_bbp_anonymous_reply_count":0,"_bbp_topic_count_hidden":0,"_bbp_reply_count_hidden":0,"_bbp_forum_subforum_count":0,"footnotes":""},"categories":[183],"tags":[],"class_list":["post-10003","post","type-post","status-publish","format-standard","has-post-thumbnail","hentry","category-4-anys"],"post_mailing_queue_ids":[],"_links":{"self":[{"href":"https:\/\/agora.xtec.cat\/escolapacocandel\/wp-json\/wp\/v2\/posts\/10003","targetHints":{"allow":["GET"]}}],"collection":[{"href":"https:\/\/agora.xtec.cat\/escolapacocandel\/wp-json\/wp\/v2\/posts"}],"about":[{"href":"https:\/\/agora.xtec.cat\/escolapacocandel\/wp-json\/wp\/v2\/types\/post"}],"author":[{"embeddable":true,"href":"https:\/\/agora.xtec.cat\/escolapacocandel\/wp-json\/wp\/v2\/users\/73"}],"replies":[{"embeddable":true,"href":"https:\/\/agora.xtec.cat\/escolapacocandel\/wp-json\/wp\/v2\/comments?post=10003"}],"version-history":[{"count":1,"href":"https:\/\/agora.xtec.cat\/escolapacocandel\/wp-json\/wp\/v2\/posts\/10003\/revisions"}],"predecessor-version":[{"id":10005,"href":"https:\/\/agora.xtec.cat\/escolapacocandel\/wp-json\/wp\/v2\/posts\/10003\/revisions\/10005"}],"wp:featuredmedia":[{"embeddable":true,"href":"https:\/\/agora.xtec.cat\/escolapacocandel\/wp-json\/wp\/v2\/media\/10004"}],"wp:attachment":[{"href":"https:\/\/agora.xtec.cat\/escolapacocandel\/wp-json\/wp\/v2\/media?parent=10003"}],"wp:term":[{"taxonomy":"category","embeddable":true,"href":"https:\/\/agora.xtec.cat\/escolapacocandel\/wp-json\/wp\/v2\/categories?post=10003"},{"taxonomy":"post_tag","embeddable":true,"href":"https:\/\/agora.xtec.cat\/escolapacocandel\/wp-json\/wp\/v2\/tags?post=10003"}],"curies":[{"name":"wp","href":"https:\/\/api.w.org\/{rel}","templated":true}]}}