{"id":940,"date":"2014-11-14T16:10:23","date_gmt":"2014-11-14T15:10:23","guid":{"rendered":"http:\/\/blocs.xtec.cat\/escolapablopicasso\/?p=940"},"modified":"2015-11-05T00:09:29","modified_gmt":"2015-11-04T23:09:29","slug":"constitucio-del-consell-municipal-dinfants","status":"publish","type":"post","link":"https:\/\/agora.xtec.cat\/escolapablopicasso\/general\/constitucio-del-consell-municipal-dinfants\/","title":{"rendered":"Constituci\u00f3 del Consell Municipal d&#8217;Infants"},"content":{"rendered":"<p>Avui, 11 de novembre, s&#8217;ha constitu\u00eft el Consell Municipal d&#8217;Infants. La nostra escola t\u00e9 3 representants: el Mario de 5\u00e8B, la Paula de 6\u00e8A i el Xavi A. de 6\u00e8B.<\/p>\n<p>Aqu\u00ed teniu les fotos de l&#8217;esdeveniment.<\/p>\n<p><embed width=\"600\" height=\"400\" type=\"application\/x-shockwave-flash\" src=\"https:\/\/photos.gstatic.com\/media\/slideshow.swf\" flashvars=\"host=picasaweb.google.com&amp;hl=en_US&amp;feat=flashalbum&amp;RGB=0x000000&amp;feed=https%3A%2F%2Fpicasaweb.google.com%2Fdata%2Ffeed%2Fapi%2Fuser%2F112143533400833678857%2Falbumid%2F6081577629135208609%3Falt%3Drss%26kind%3Dphoto%26authkey%3DGv1sRgCOe3-Iysrrq55AE%26hl%3Den_US\" pluginspage=\"http:\/\/www.macromedia.com\/go\/getflashplayer\"><\/embed><\/p>\n","protected":false},"excerpt":{"rendered":"<p>Avui, 11 de novembre, s&#8217;ha constitu\u00eft el Consell Municipal d&#8217;Infants. La nostra escola t\u00e9 3 representants: el Mario de 5\u00e8B, la Paula de 6\u00e8A i el Xavi A. de 6\u00e8B.<br \/>\nAqu\u00ed teniu les fotos de l&#8217;esdeveniment.<\/p>\n","protected":false},"author":3,"featured_media":0,"comment_status":"open","ping_status":"open","sticky":false,"template":"","format":"standard","meta":{"_bbp_topic_count":0,"_bbp_reply_count":0,"_bbp_total_topic_count":0,"_bbp_total_reply_count":0,"_bbp_voice_count":0,"_bbp_anonymous_reply_count":0,"_bbp_topic_count_hidden":0,"_bbp_reply_count_hidden":0,"_bbp_forum_subforum_count":0,"footnotes":""},"categories":[14,15,1,4],"tags":[],"class_list":["post-940","post","type-post","status-publish","format-standard","hentry","category-5e","category-6e","category-general","category-portada"],"post_mailing_queue_ids":[],"_links":{"self":[{"href":"https:\/\/agora.xtec.cat\/escolapablopicasso\/wp-json\/wp\/v2\/posts\/940","targetHints":{"allow":["GET"]}}],"collection":[{"href":"https:\/\/agora.xtec.cat\/escolapablopicasso\/wp-json\/wp\/v2\/posts"}],"about":[{"href":"https:\/\/agora.xtec.cat\/escolapablopicasso\/wp-json\/wp\/v2\/types\/post"}],"author":[{"embeddable":true,"href":"https:\/\/agora.xtec.cat\/escolapablopicasso\/wp-json\/wp\/v2\/users\/3"}],"replies":[{"embeddable":true,"href":"https:\/\/agora.xtec.cat\/escolapablopicasso\/wp-json\/wp\/v2\/comments?post=940"}],"version-history":[{"count":1,"href":"https:\/\/agora.xtec.cat\/escolapablopicasso\/wp-json\/wp\/v2\/posts\/940\/revisions"}],"predecessor-version":[{"id":1418,"href":"https:\/\/agora.xtec.cat\/escolapablopicasso\/wp-json\/wp\/v2\/posts\/940\/revisions\/1418"}],"wp:attachment":[{"href":"https:\/\/agora.xtec.cat\/escolapablopicasso\/wp-json\/wp\/v2\/media?parent=940"}],"wp:term":[{"taxonomy":"category","embeddable":true,"href":"https:\/\/agora.xtec.cat\/escolapablopicasso\/wp-json\/wp\/v2\/categories?post=940"},{"taxonomy":"post_tag","embeddable":true,"href":"https:\/\/agora.xtec.cat\/escolapablopicasso\/wp-json\/wp\/v2\/tags?post=940"}],"curies":[{"name":"wp","href":"https:\/\/api.w.org\/{rel}","templated":true}]}}