{"id":8751,"date":"2026-04-21T10:33:15","date_gmt":"2026-04-21T08:33:15","guid":{"rendered":"https:\/\/agora.xtec.cat\/escolapablopicasso\/?p=8751"},"modified":"2026-04-22T10:36:24","modified_gmt":"2026-04-22T08:36:24","slug":"paradetes-de-llibres-de-sant-jordi","status":"publish","type":"post","link":"https:\/\/agora.xtec.cat\/escolapablopicasso\/general\/paradetes-de-llibres-de-sant-jordi\/","title":{"rendered":"PARADETES DE LLIBRES DE SANT JORDI"},"content":{"rendered":"<p>Amb l&#8217;arribada de la festivitat de Sant Jordi, les fam\u00edlies de 6\u00e8 han organitzat un parell de dies de venda de llibres de segona m\u00e0 (dimecres 22 i dijous 23 d&#8217;abril).<\/p>\n<p>Els beneficis de la recaptaci\u00f3 aniran destinats a cobrir despeses de la festa d&#8217;acomiadament de l&#8217;alumnat de 6\u00e8.<\/p>\n<p>Les paradetes estaran ubicades dins de l&#8217;escola a l&#8217;entrada principal.<\/p>\n<p>Esperem la vostra col\u00b7laboraci\u00f3.<\/p>\n<p>Atentament<\/p>\n<p>Fam\u00edlies de 6\u00e8<\/p>\n<p><img loading=\"lazy\" decoding=\"async\" class=\"aligncenter\" src=\"https:\/\/cdn-icons-png.flaticon.com\/512\/15573\/15573926.png\" alt=\"D\u00eda de sant jordi - Iconos gratis de educaci\u00f3n\" width=\"328\" height=\"328\" \/><\/p>\n","protected":false},"excerpt":{"rendered":"<p>Amb l&#8217;arribada de la festivitat de Sant Jordi, les fam\u00edlies de 6\u00e8 han organitzat un parell de dies de venda de llibres de segona m\u00e0 (dimecres 22 i dijous 23 d&#8217;abril).<br \/>\nEls beneficis de la recaptaci\u00f3 aniran destinats a cobrir despeses de la festa d&#8217;acomiadament de&hellip;  <a href=\"https:\/\/agora.xtec.cat\/escolapablopicasso\/general\/paradetes-de-llibres-de-sant-jordi\/\" title=\"Read PARADETES DE LLIBRES DE SANT JORDI\">Llegeix m\u00e9s\u00bb<\/a><\/p>\n","protected":false},"author":1,"featured_media":0,"comment_status":"open","ping_status":"open","sticky":false,"template":"","format":"standard","meta":{"_bbp_topic_count":0,"_bbp_reply_count":0,"_bbp_total_topic_count":0,"_bbp_total_reply_count":0,"_bbp_voice_count":0,"_bbp_anonymous_reply_count":0,"_bbp_topic_count_hidden":0,"_bbp_reply_count_hidden":0,"_bbp_forum_subforum_count":0,"footnotes":""},"categories":[23,1,4],"tags":[],"class_list":["post-8751","post","type-post","status-publish","format-standard","hentry","category-nadal","category-general","category-portada"],"post_mailing_queue_ids":[],"_links":{"self":[{"href":"https:\/\/agora.xtec.cat\/escolapablopicasso\/wp-json\/wp\/v2\/posts\/8751","targetHints":{"allow":["GET"]}}],"collection":[{"href":"https:\/\/agora.xtec.cat\/escolapablopicasso\/wp-json\/wp\/v2\/posts"}],"about":[{"href":"https:\/\/agora.xtec.cat\/escolapablopicasso\/wp-json\/wp\/v2\/types\/post"}],"author":[{"embeddable":true,"href":"https:\/\/agora.xtec.cat\/escolapablopicasso\/wp-json\/wp\/v2\/users\/1"}],"replies":[{"embeddable":true,"href":"https:\/\/agora.xtec.cat\/escolapablopicasso\/wp-json\/wp\/v2\/comments?post=8751"}],"version-history":[{"count":1,"href":"https:\/\/agora.xtec.cat\/escolapablopicasso\/wp-json\/wp\/v2\/posts\/8751\/revisions"}],"predecessor-version":[{"id":8752,"href":"https:\/\/agora.xtec.cat\/escolapablopicasso\/wp-json\/wp\/v2\/posts\/8751\/revisions\/8752"}],"wp:attachment":[{"href":"https:\/\/agora.xtec.cat\/escolapablopicasso\/wp-json\/wp\/v2\/media?parent=8751"}],"wp:term":[{"taxonomy":"category","embeddable":true,"href":"https:\/\/agora.xtec.cat\/escolapablopicasso\/wp-json\/wp\/v2\/categories?post=8751"},{"taxonomy":"post_tag","embeddable":true,"href":"https:\/\/agora.xtec.cat\/escolapablopicasso\/wp-json\/wp\/v2\/tags?post=8751"}],"curies":[{"name":"wp","href":"https:\/\/api.w.org\/{rel}","templated":true}]}}