{"id":8749,"date":"2026-04-20T11:14:30","date_gmt":"2026-04-20T09:14:30","guid":{"rendered":"https:\/\/agora.xtec.cat\/escolapablopicasso\/?p=8749"},"modified":"2026-04-20T11:14:30","modified_gmt":"2026-04-20T09:14:30","slug":"casal-destiu-2","status":"publish","type":"post","link":"https:\/\/agora.xtec.cat\/escolapablopicasso\/general\/casal-destiu-2\/","title":{"rendered":"CASAL D&#8217;ESTIU"},"content":{"rendered":"<p>Des de l\u2019AFA de l\u2019Escola Pablo Picasso us volem informar sobre el casal d\u2019estiu d\u2019aquest any.<\/p>\n<p>Com cada any, la nostra intenci\u00f3 era poder oferir el casal d\u2019estiu a la nostra escola. No obstant aix\u00f2, aquest any no ser\u00e0 possible dur-lo a terme a les nostres instal\u00b7lacions a causa de les obres previstes durant el per\u00edode d\u2019estiu. Concretament, es far\u00e0 la substituci\u00f3 del terra de tota la planta baixa, fet que impedeix garantir un espai adequat i segur per als infants.<\/p>\n<p>Davant d\u2019aquesta situaci\u00f3, us informem que al municipi de Barber\u00e0 del Vall\u00e8s hi ha una \u00e0mplia oferta de casals d\u2019estiu on podeu inscriure els vostres fills i filles.<\/p>\n<p>Trobareu tota la informaci\u00f3 a la p\u00e0gina web de l&#8217;Ajuntament a partir del 20\/4\/2026\u00a0<a href=\"https:\/\/www.bdv.cat\/\">https:\/\/www.bdv.cat\/<\/a><\/p>\n<p>A m\u00e9s, l\u2019empresa amb la qual fem el casal habitualment, Lleure.cat, continuar\u00e0 oferint el seu casal d\u2019estiu a l\u2019Escola Can Llobet de Barber\u00e0 del Vall\u00e8s, mantenint el seu projecte educatiu i equip de monitors\/es <a href=\"https:\/\/lleure.cat\/\">https:\/\/lleure.cat\/<\/a><\/p>\n<p>Lamentem les mol\u00e8sties que aquesta situaci\u00f3 us pugui ocasionar i us agra\u00efm la vostra comprensi\u00f3.<\/p>\n<p>Per a qualsevol dubte, restem a la vostra disposici\u00f3.<\/p>\n<p>Atentament,<\/p>\n<p>AFA Escola Pablo Picasso<\/p>\n","protected":false},"excerpt":{"rendered":"<p>Des de l\u2019AFA de l\u2019Escola Pablo Picasso us volem informar sobre el casal d\u2019estiu d\u2019aquest any.<br \/>\nCom cada any, la nostra intenci\u00f3 era poder oferir el casal d\u2019estiu a la nostra escola. No obstant aix\u00f2, aquest any no ser\u00e0 possible dur-lo a terme a les nostres&hellip;  <a href=\"https:\/\/agora.xtec.cat\/escolapablopicasso\/general\/casal-destiu-2\/\" title=\"Read CASAL D&#8217;ESTIU\">Llegeix m\u00e9s\u00bb<\/a><\/p>\n","protected":false},"author":1,"featured_media":0,"comment_status":"open","ping_status":"open","sticky":false,"template":"","format":"standard","meta":{"_bbp_topic_count":0,"_bbp_reply_count":0,"_bbp_total_topic_count":0,"_bbp_total_reply_count":0,"_bbp_voice_count":0,"_bbp_anonymous_reply_count":0,"_bbp_topic_count_hidden":0,"_bbp_reply_count_hidden":0,"_bbp_forum_subforum_count":0,"footnotes":""},"categories":[7,1,4],"tags":[],"class_list":["post-8749","post","type-post","status-publish","format-standard","hentry","category-ampa","category-general","category-portada"],"post_mailing_queue_ids":[],"_links":{"self":[{"href":"https:\/\/agora.xtec.cat\/escolapablopicasso\/wp-json\/wp\/v2\/posts\/8749","targetHints":{"allow":["GET"]}}],"collection":[{"href":"https:\/\/agora.xtec.cat\/escolapablopicasso\/wp-json\/wp\/v2\/posts"}],"about":[{"href":"https:\/\/agora.xtec.cat\/escolapablopicasso\/wp-json\/wp\/v2\/types\/post"}],"author":[{"embeddable":true,"href":"https:\/\/agora.xtec.cat\/escolapablopicasso\/wp-json\/wp\/v2\/users\/1"}],"replies":[{"embeddable":true,"href":"https:\/\/agora.xtec.cat\/escolapablopicasso\/wp-json\/wp\/v2\/comments?post=8749"}],"version-history":[{"count":1,"href":"https:\/\/agora.xtec.cat\/escolapablopicasso\/wp-json\/wp\/v2\/posts\/8749\/revisions"}],"predecessor-version":[{"id":8750,"href":"https:\/\/agora.xtec.cat\/escolapablopicasso\/wp-json\/wp\/v2\/posts\/8749\/revisions\/8750"}],"wp:attachment":[{"href":"https:\/\/agora.xtec.cat\/escolapablopicasso\/wp-json\/wp\/v2\/media?parent=8749"}],"wp:term":[{"taxonomy":"category","embeddable":true,"href":"https:\/\/agora.xtec.cat\/escolapablopicasso\/wp-json\/wp\/v2\/categories?post=8749"},{"taxonomy":"post_tag","embeddable":true,"href":"https:\/\/agora.xtec.cat\/escolapablopicasso\/wp-json\/wp\/v2\/tags?post=8749"}],"curies":[{"name":"wp","href":"https:\/\/api.w.org\/{rel}","templated":true}]}}