{"id":8708,"date":"2026-03-04T15:06:43","date_gmt":"2026-03-04T14:06:43","guid":{"rendered":"https:\/\/agora.xtec.cat\/escolapablopicasso\/?p=8708"},"modified":"2026-03-04T15:08:20","modified_gmt":"2026-03-04T14:08:20","slug":"xerrada-families-amb-preadolescents","status":"publish","type":"post","link":"https:\/\/agora.xtec.cat\/escolapablopicasso\/general\/xerrada-families-amb-preadolescents\/","title":{"rendered":"XERRADA FAM\u00cdLIES AMB PREADOLESCENTS"},"content":{"rendered":"<p><strong><em>El dijous, 26 de mar\u00e7, de les 17 a les 19 hores, a la Sala Allende de la Biblioteca Esteve Paluzie (pla\u00e7a Constituci\u00f3, s\/n), es dur\u00e0 a terme la xerrada educativa per a fam\u00edlies sobre acompanyament en l\u2019educaci\u00f3 sexual, en col\u00b7laboraci\u00f3 amb l\u2019\u00c0rea d\u2019Educaci\u00f3 de la Diputaci\u00f3 de Barcelona.<\/em><\/strong><em><br \/>\nL\u2019adolesc\u00e8ncia \u00e9s un moment clau de creixement i descobertes. Com podem acompa\u00f1ar els i les joves en la construcci\u00f3 de la seva identitat afectiva i sexual? I com podem abordar temes com la diversitat, els estereotips o el consum de pornograf\u00eda?<br \/>\nAquesta xerrada ofereix eines i recursos per acompanyar els i les adolescents, educar en la diversitat i establir un di\u00e0leg obert i respectu\u00f3s amb els fills i filles. Tamb\u00e9 s\u2019hi abordaran els efectes nocius dels continguts pornogr\u00e0fics i com detectar situacions dif\u00edcils que poden afectar els i les adolescents.<br \/>\nQu\u00e8 aprendrem en aquesta xerrada?<br \/>\n\u00b7 \u00a0 \u00a0 \u00a0 \u00a0A comprendre els canvis propis de l\u2019adolesc\u00e8ncia i el seu impacte en l\u2019\u00e0mbit afectivosexual.<br \/>\n\u00b7 \u00a0 \u00a0 \u00a0 \u00a0A acompanyar el creixement dels fills i filles des del respecte, la confian\u00e7a i l\u2019acceptaci\u00f3.<br \/>\n\u00b7 \u00a0 \u00a0 \u00a0 \u00a0A detectar situacions de risc i oferir referents saludables davant els missatges de la pornograf\u00eda.<br \/>\nAquesta xerrada est\u00e0 adre\u00e7ada preferentment a fam\u00edlies amb fills i filles de 12 a 16 anys, encara que \u00e9s oberta a tota la poblaci\u00f3.<br \/>\n<\/em><strong><em><u>La inscripci\u00f3 a la xerrada s\u2019ha de formalitzar a trav\u00e9s d\u2019aquest<\/u><u>\u00a0<\/u><\/em><\/strong><a href=\"https:\/\/app.dinantia.com\/web\/system\/track_link\/GQOzmXMaMPrR\/20371680?original_url=https%3A%2F%2Fwww.bdv.cat%2Finscripcio-lactivitat-formativa-families-amb-infants-fins-16-anys\" target=\"_blank\" rel=\"noreferrer noopener\" data-saferedirecturl=\"https:\/\/www.google.com\/url?q=https:\/\/app.dinantia.com\/web\/system\/track_link\/GQOzmXMaMPrR\/20371680?original_url%3Dhttps%253A%252F%252Fwww.bdv.cat%252Finscripcio-lactivitat-formativa-families-amb-infants-fins-16-anys&amp;source=gmail&amp;ust=1772705247155000&amp;usg=AOvVaw0NVN3LNScg946Gx4g-T0j6\"><strong><em><u>enlla\u00e7<\/u><\/em><\/strong><\/a><em><br \/>\nPer qualsevol dubte o aclariment us podeu posar en contacte amb la Secci\u00f3 d\u2019Educaci\u00f3, 1\u00aa Inf\u00e0ncia i Fam\u00edlia. Aix\u00ed mateix, us animem a participar en la Comissi\u00f3 de Formaci\u00f3 i Fam\u00edlies del Consell Municipal d\u2019Educaci\u00f3. Us podeu posar en contacte amb nosaltres a\u00a0<\/em><a href=\"mailto:formaciofamilies@bdv.cat\" target=\"_blank\" rel=\"noreferrer noopener\"><em><u>formaciofamilies@bdv.cat<\/u><\/em><u>&#8220;<\/u><\/a><\/p>\n<p><img loading=\"lazy\" decoding=\"async\" class=\"aligncenter\" src=\"https:\/\/cdn-icons-png.flaticon.com\/512\/7050\/7050064.png\" alt=\"Adolescentes - Iconos gratis de usuario\" width=\"288\" height=\"288\" \/><\/p>\n","protected":false},"excerpt":{"rendered":"<p>El dijous, 26 de mar\u00e7, de les 17 a les 19 hores, a la Sala Allende de la Biblioteca Esteve Paluzie (pla\u00e7a Constituci\u00f3, s\/n), es dur\u00e0 a terme la xerrada educativa per a fam\u00edlies sobre acompanyament en l\u2019educaci\u00f3 sexual, en col\u00b7laboraci\u00f3 amb l\u2019\u00c0rea d\u2019Educaci\u00f3 de&hellip;  <a href=\"https:\/\/agora.xtec.cat\/escolapablopicasso\/general\/xerrada-families-amb-preadolescents\/\" title=\"Read XERRADA FAM\u00cdLIES AMB PREADOLESCENTS\">Llegeix m\u00e9s\u00bb<\/a><\/p>\n","protected":false},"author":1,"featured_media":0,"comment_status":"open","ping_status":"open","sticky":false,"template":"","format":"standard","meta":{"_bbp_topic_count":0,"_bbp_reply_count":0,"_bbp_total_topic_count":0,"_bbp_total_reply_count":0,"_bbp_voice_count":0,"_bbp_anonymous_reply_count":0,"_bbp_topic_count_hidden":0,"_bbp_reply_count_hidden":0,"_bbp_forum_subforum_count":0,"footnotes":""},"categories":[1,4],"tags":[],"class_list":["post-8708","post","type-post","status-publish","format-standard","hentry","category-general","category-portada"],"post_mailing_queue_ids":[],"_links":{"self":[{"href":"https:\/\/agora.xtec.cat\/escolapablopicasso\/wp-json\/wp\/v2\/posts\/8708","targetHints":{"allow":["GET"]}}],"collection":[{"href":"https:\/\/agora.xtec.cat\/escolapablopicasso\/wp-json\/wp\/v2\/posts"}],"about":[{"href":"https:\/\/agora.xtec.cat\/escolapablopicasso\/wp-json\/wp\/v2\/types\/post"}],"author":[{"embeddable":true,"href":"https:\/\/agora.xtec.cat\/escolapablopicasso\/wp-json\/wp\/v2\/users\/1"}],"replies":[{"embeddable":true,"href":"https:\/\/agora.xtec.cat\/escolapablopicasso\/wp-json\/wp\/v2\/comments?post=8708"}],"version-history":[{"count":2,"href":"https:\/\/agora.xtec.cat\/escolapablopicasso\/wp-json\/wp\/v2\/posts\/8708\/revisions"}],"predecessor-version":[{"id":8710,"href":"https:\/\/agora.xtec.cat\/escolapablopicasso\/wp-json\/wp\/v2\/posts\/8708\/revisions\/8710"}],"wp:attachment":[{"href":"https:\/\/agora.xtec.cat\/escolapablopicasso\/wp-json\/wp\/v2\/media?parent=8708"}],"wp:term":[{"taxonomy":"category","embeddable":true,"href":"https:\/\/agora.xtec.cat\/escolapablopicasso\/wp-json\/wp\/v2\/categories?post=8708"},{"taxonomy":"post_tag","embeddable":true,"href":"https:\/\/agora.xtec.cat\/escolapablopicasso\/wp-json\/wp\/v2\/tags?post=8708"}],"curies":[{"name":"wp","href":"https:\/\/api.w.org\/{rel}","templated":true}]}}