{"id":8700,"date":"2026-02-28T22:33:11","date_gmt":"2026-02-28T21:33:11","guid":{"rendered":"https:\/\/agora.xtec.cat\/escolapablopicasso\/?p=8700"},"modified":"2026-03-02T22:41:07","modified_gmt":"2026-03-02T21:41:07","slug":"lescola-es-un-museu","status":"publish","type":"post","link":"https:\/\/agora.xtec.cat\/escolapablopicasso\/general\/lescola-es-un-museu\/","title":{"rendered":"L&#8217;ESCOLA \u00c9S UN MUSEU"},"content":{"rendered":"<p>Recordeu que podeu venir a veure la nostra exposici\u00f3 &#8220;L&#8217;escola \u00e9s un museu&#8221; el proper dimecres 4 de mar\u00e7 a les 12&#8217;35h i a les 16&#8217;35h.<\/p>\n<p>Durant la visita, podeu gaudir de les diferents propostes art\u00edstiques que s&#8217;han realitzat inspirades en els autors: Pablo Picasso, Marta Minuj\u00edn, Andrew Scott i Jaume Plensa.<\/p>\n<p>Us hi esperem!!<\/p>\n<p><a href=\"https:\/\/agora.xtec.cat\/escolapablopicasso\/wp-content\/uploads\/usu295\/2026\/03\/Lescola-es-converteix-en-un-museu.png\"><img loading=\"lazy\" decoding=\"async\" class=\"aligncenter wp-image-8701 size-large\" src=\"https:\/\/agora.xtec.cat\/escolapablopicasso\/wp-content\/uploads\/usu295\/2026\/03\/Lescola-es-converteix-en-un-museu-724x1024.png\" alt=\"\" width=\"724\" height=\"1024\" srcset=\"https:\/\/agora.xtec.cat\/escolapablopicasso\/wp-content\/uploads\/usu295\/2026\/03\/Lescola-es-converteix-en-un-museu-724x1024.png 724w, https:\/\/agora.xtec.cat\/escolapablopicasso\/wp-content\/uploads\/usu295\/2026\/03\/Lescola-es-converteix-en-un-museu-212x300.png 212w, https:\/\/agora.xtec.cat\/escolapablopicasso\/wp-content\/uploads\/usu295\/2026\/03\/Lescola-es-converteix-en-un-museu-768x1087.png 768w, https:\/\/agora.xtec.cat\/escolapablopicasso\/wp-content\/uploads\/usu295\/2026\/03\/Lescola-es-converteix-en-un-museu.png 793w\" sizes=\"auto, (max-width: 724px) 100vw, 724px\" \/><\/a><\/p>\n","protected":false},"excerpt":{"rendered":"<p>Recordeu que podeu venir a veure la nostra exposici\u00f3 &#8220;L&#8217;escola \u00e9s un museu&#8221; el proper dimecres 4 de mar\u00e7 a les 12&#8217;35h i a les 16&#8217;35h.<br \/>\nDurant la visita, podeu gaudir de les diferents propostes art\u00edstiques que s&#8217;han realitzat inspirades en els autors: Pablo Picasso, Marta&hellip;  <a href=\"https:\/\/agora.xtec.cat\/escolapablopicasso\/general\/lescola-es-un-museu\/\" title=\"Read L&#8217;ESCOLA \u00c9S UN MUSEU\">Llegeix m\u00e9s\u00bb<\/a><\/p>\n","protected":false},"author":1,"featured_media":0,"comment_status":"open","ping_status":"open","sticky":false,"template":"","format":"standard","meta":{"_bbp_topic_count":0,"_bbp_reply_count":0,"_bbp_total_topic_count":0,"_bbp_total_reply_count":0,"_bbp_voice_count":0,"_bbp_anonymous_reply_count":0,"_bbp_topic_count_hidden":0,"_bbp_reply_count_hidden":0,"_bbp_forum_subforum_count":0,"footnotes":""},"categories":[1,4],"tags":[],"class_list":["post-8700","post","type-post","status-publish","format-standard","hentry","category-general","category-portada"],"post_mailing_queue_ids":[],"_links":{"self":[{"href":"https:\/\/agora.xtec.cat\/escolapablopicasso\/wp-json\/wp\/v2\/posts\/8700","targetHints":{"allow":["GET"]}}],"collection":[{"href":"https:\/\/agora.xtec.cat\/escolapablopicasso\/wp-json\/wp\/v2\/posts"}],"about":[{"href":"https:\/\/agora.xtec.cat\/escolapablopicasso\/wp-json\/wp\/v2\/types\/post"}],"author":[{"embeddable":true,"href":"https:\/\/agora.xtec.cat\/escolapablopicasso\/wp-json\/wp\/v2\/users\/1"}],"replies":[{"embeddable":true,"href":"https:\/\/agora.xtec.cat\/escolapablopicasso\/wp-json\/wp\/v2\/comments?post=8700"}],"version-history":[{"count":2,"href":"https:\/\/agora.xtec.cat\/escolapablopicasso\/wp-json\/wp\/v2\/posts\/8700\/revisions"}],"predecessor-version":[{"id":8703,"href":"https:\/\/agora.xtec.cat\/escolapablopicasso\/wp-json\/wp\/v2\/posts\/8700\/revisions\/8703"}],"wp:attachment":[{"href":"https:\/\/agora.xtec.cat\/escolapablopicasso\/wp-json\/wp\/v2\/media?parent=8700"}],"wp:term":[{"taxonomy":"category","embeddable":true,"href":"https:\/\/agora.xtec.cat\/escolapablopicasso\/wp-json\/wp\/v2\/categories?post=8700"},{"taxonomy":"post_tag","embeddable":true,"href":"https:\/\/agora.xtec.cat\/escolapablopicasso\/wp-json\/wp\/v2\/tags?post=8700"}],"curies":[{"name":"wp","href":"https:\/\/api.w.org\/{rel}","templated":true}]}}