{"id":8698,"date":"2026-03-01T09:25:03","date_gmt":"2026-03-01T08:25:03","guid":{"rendered":"https:\/\/agora.xtec.cat\/escolapablopicasso\/?p=8698"},"modified":"2026-03-02T22:32:13","modified_gmt":"2026-03-02T21:32:13","slug":"artista-del-mes-20","status":"publish","type":"post","link":"https:\/\/agora.xtec.cat\/escolapablopicasso\/general\/artista-del-mes-20\/","title":{"rendered":"ARTISTA DEL MES"},"content":{"rendered":"<p>I l&#8217;artista que ens inspirar\u00e0 aquest mes de mar\u00e7 \u00e9s: Antoni Gaud\u00ed<\/p>\n<p><img decoding=\"async\" class=\"aligncenter\" src=\"https:\/\/upload.wikimedia.org\/wikipedia\/commons\/thumb\/4\/49\/Gaud%C3%AD_%281878%29.jpg\/250px-Gaud%C3%AD_%281878%29.jpg\" alt=\"Antoni Gaud\u00ed - Wikipedia, la enciclopedia libre\" \/><\/p>\n<p><b id=\"mwBQ\">Antoni Gaud\u00ed i Cornet<\/b>\u00a0(Reus\u00a0o\u00a0Riudoms,<sup id=\"cite_ref-llocnaixement_1-0\" class=\"mw-ref reference\" data-mw=\"{&quot;name&quot;:&quot;ref&quot;,&quot;attrs&quot;:{&quot;name&quot;:&quot;llocnaixement&quot;,&quot;group&quot;:&quot;nota&quot;},&quot;body&quot;:{&quot;id&quot;:&quot;mw-reference-text-cite_note-llocnaixement-1&quot;}}\"><\/sup>\u00a0el\u00a0Baix Camp,\u00a025 de juny\u00a0del\u00a01852<sup id=\"cite_ref-2\" class=\"mw-ref reference\" data-mw=\"{&quot;name&quot;:&quot;ref&quot;,&quot;attrs&quot;:{},&quot;body&quot;:{&quot;id&quot;:&quot;mw-reference-text-cite_note-2&quot;}}\"><\/sup>\u00a0&#8211;\u00a0Barcelona,\u00a010 de juny\u00a0del\u00a01926) va ser un\u00a0arquitecte\u00a0modernista\u00a0catal\u00e0 que ha estat reconegut internacionalment com un dels genis m\u00e9s rellevants de la seva disciplina.<sup id=\"cite_ref-3\" class=\"mw-ref reference\" data-mw=\"{&quot;name&quot;:&quot;ref&quot;,&quot;attrs&quot;:{},&quot;body&quot;:{&quot;id&quot;:&quot;mw-reference-text-cite_note-3&quot;}}\"><\/sup><sup id=\"cite_ref-4\" class=\"mw-ref reference\" data-mw=\"{&quot;name&quot;:&quot;ref&quot;,&quot;attrs&quot;:{},&quot;body&quot;:{&quot;id&quot;:&quot;mw-reference-text-cite_note-4&quot;}}\"><\/sup><\/p>\n<p><img loading=\"lazy\" decoding=\"async\" class=\"aligncenter\" src=\"https:\/\/www.turismoencatalunya.es\/images\/3-dragon-Park-Guell-Barcelona.jpg\" alt=\"Obras de Antoni Gaud\u00ed | Turismo en Catalu\u00f1a\" width=\"392\" height=\"245\" \/><\/p>\n<p>La seva contribuci\u00f3 a l&#8217;arquitectura \u00e9s \u00fanica i \u00e9s considerat un dels m\u00e0xims exponents del modernisme.\u00a0<sup id=\"cite_ref-5\" class=\"mw-ref reference\" data-mw=\"{&quot;name&quot;:&quot;ref&quot;,&quot;attrs&quot;:{},&quot;body&quot;:{&quot;id&quot;:&quot;mw-reference-text-cite_note-5&quot;}}\"><\/sup>Des de la infantesa, Gaud\u00ed va ser un atent observador de la\u00a0natura, de la qual l&#8217;atreien les formes, els colors i la\u00a0geometria. Malgrat tenir grans edificis realitzats, dels quals cada vegada es fan m\u00e9s monografies, el que m\u00e9s fama li ha donat arreu del m\u00f3n \u00e9s, sens dubte, el\u00a0temple de la Sagrada Fam\u00edlia, obra encara en construcci\u00f3 la popularitat de la qual continua creixent a mesura que s&#8217;al\u00e7a, aix\u00ed com l&#8217;admiraci\u00f3 que suscita<\/p>\n<p><img loading=\"lazy\" decoding=\"async\" class=\"aligncenter\" src=\"https:\/\/www.recordrentacar.com\/blog\/wp-content\/uploads\/2025\/10\/Copia-de-Diseno-sin-titulo-5-1080x624.png\" alt=\"Todo sobre la Sagrada Familia de Barcelona | Blog Record go\" width=\"464\" height=\"268\" \/><\/p>\n","protected":false},"excerpt":{"rendered":"<p>I l&#8217;artista que ens inspirar\u00e0 aquest mes de mar\u00e7 \u00e9s: Antoni Gaud\u00ed<\/p>\n<p>Antoni Gaud\u00ed i Cornet\u00a0(Reus\u00a0o\u00a0Riudoms,\u00a0el\u00a0Baix Camp,\u00a025 de juny\u00a0del\u00a01852\u00a0&#8211;\u00a0Barcelona,\u00a010 de juny\u00a0del\u00a01926) va ser un\u00a0arquitecte\u00a0modernista\u00a0catal\u00e0 que ha estat reconegut internacionalment com un dels genis m\u00e9s rellevants de la seva disciplina.<\/p>\n<p>La seva contribuci\u00f3 a l&#8217;arquitectura \u00e9s \u00fanica i&hellip;  <a href=\"https:\/\/agora.xtec.cat\/escolapablopicasso\/general\/artista-del-mes-20\/\" title=\"Read ARTISTA DEL MES\">Llegeix m\u00e9s\u00bb<\/a><\/p>\n","protected":false},"author":1,"featured_media":0,"comment_status":"open","ping_status":"open","sticky":false,"template":"","format":"standard","meta":{"_bbp_topic_count":0,"_bbp_reply_count":0,"_bbp_total_topic_count":0,"_bbp_total_reply_count":0,"_bbp_voice_count":0,"_bbp_anonymous_reply_count":0,"_bbp_topic_count_hidden":0,"_bbp_reply_count_hidden":0,"_bbp_forum_subforum_count":0,"footnotes":""},"categories":[1,4],"tags":[],"class_list":["post-8698","post","type-post","status-publish","format-standard","hentry","category-general","category-portada"],"post_mailing_queue_ids":[],"_links":{"self":[{"href":"https:\/\/agora.xtec.cat\/escolapablopicasso\/wp-json\/wp\/v2\/posts\/8698","targetHints":{"allow":["GET"]}}],"collection":[{"href":"https:\/\/agora.xtec.cat\/escolapablopicasso\/wp-json\/wp\/v2\/posts"}],"about":[{"href":"https:\/\/agora.xtec.cat\/escolapablopicasso\/wp-json\/wp\/v2\/types\/post"}],"author":[{"embeddable":true,"href":"https:\/\/agora.xtec.cat\/escolapablopicasso\/wp-json\/wp\/v2\/users\/1"}],"replies":[{"embeddable":true,"href":"https:\/\/agora.xtec.cat\/escolapablopicasso\/wp-json\/wp\/v2\/comments?post=8698"}],"version-history":[{"count":1,"href":"https:\/\/agora.xtec.cat\/escolapablopicasso\/wp-json\/wp\/v2\/posts\/8698\/revisions"}],"predecessor-version":[{"id":8699,"href":"https:\/\/agora.xtec.cat\/escolapablopicasso\/wp-json\/wp\/v2\/posts\/8698\/revisions\/8699"}],"wp:attachment":[{"href":"https:\/\/agora.xtec.cat\/escolapablopicasso\/wp-json\/wp\/v2\/media?parent=8698"}],"wp:term":[{"taxonomy":"category","embeddable":true,"href":"https:\/\/agora.xtec.cat\/escolapablopicasso\/wp-json\/wp\/v2\/categories?post=8698"},{"taxonomy":"post_tag","embeddable":true,"href":"https:\/\/agora.xtec.cat\/escolapablopicasso\/wp-json\/wp\/v2\/tags?post=8698"}],"curies":[{"name":"wp","href":"https:\/\/api.w.org\/{rel}","templated":true}]}}