{"id":8665,"date":"2026-02-01T10:49:41","date_gmt":"2026-02-01T09:49:41","guid":{"rendered":"https:\/\/agora.xtec.cat\/escolapablopicasso\/?p=8665"},"modified":"2026-02-03T14:24:56","modified_gmt":"2026-02-03T13:24:56","slug":"artista-del-mes-19","status":"publish","type":"post","link":"https:\/\/agora.xtec.cat\/escolapablopicasso\/general\/artista-del-mes-19\/","title":{"rendered":"ARTISTA DEL MES"},"content":{"rendered":"<p>I aquest mes de febrer, Jaume Plensa ens inspirar\u00e0 amb les seves obres.<\/p>\n<p><img loading=\"lazy\" decoding=\"async\" class=\"aligncenter\" src=\"https:\/\/upload.wikimedia.org\/wikipedia\/commons\/a\/a3\/O_Jaume_Plensa_-_Premi_Atl%C3%A0ntida_%28cropped%29.jpg\" alt=\"Jaume Plensa - Wikipedia, la enciclopedia libre\" width=\"165\" height=\"200\" \/><\/p>\n<p>Jaume Plensa i Su\u00f1\u00e9 (Barcelona, 1955) \u00e9s un escultor catal\u00e0. Tamb\u00e9 ha col\u00b7laborat en projectes de teatre i \u00f2pera amb el disseny del vestuari i l&#8217;escenografia. L&#8217;any 1997 fou guardonat amb el Premi Nacional d&#8217;Arts Pl\u00e0stiques concedit per la Generalitat de Catalunya i el 2012 reb\u00e9 la Creu de Sant Jordi.<\/p>\n<p><img loading=\"lazy\" decoding=\"async\" class=\"aligncenter\" src=\"https:\/\/www.lasociocultural.com\/wp-content\/uploads\/2025\/01\/J.-Plensa-1-scaled.jpg\" alt=\"Jaume Plensa en Madrid: La exposici\u00f3n que une arte y poes\u00eda\" width=\"178\" height=\"248\" \/><\/p>\n<p>Viu i treballa a Barcelona i Par\u00eds, i \u00e9s un dels artistes espanyols amb m\u00e9s projecci\u00f3 internacional. Pr\u00e0cticament no hi ha manifestaci\u00f3 art\u00edstica o t\u00e8cnica que no hagi estat experimentada per l&#8217;artista.<\/p>\n<p>Per a l&#8217;artista, les figures humanes s\u00f3n \u00e9ssers ordinaris, que reflecteixen la diversitat de les nostres societats.<\/p>\n<p><img loading=\"lazy\" decoding=\"async\" class=\"aligncenter\" src=\"https:\/\/img.rtve.es\/imagenes\/awilda-jaume-plensa\/1665050245861.jpg\" alt=\"Jaume Plensa: las 5 obras del escultor que tienes que conocer\" width=\"236\" height=\"157\" \/><\/p>\n","protected":false},"excerpt":{"rendered":"<p>I aquest mes de febrer, Jaume Plensa ens inspirar\u00e0 amb les seves obres.<\/p>\n<p>Jaume Plensa i Su\u00f1\u00e9 (Barcelona, 1955) \u00e9s un escultor catal\u00e0. Tamb\u00e9 ha col\u00b7laborat en projectes de teatre i \u00f2pera amb el disseny del vestuari i l&#8217;escenografia. L&#8217;any 1997 fou guardonat amb el Premi&hellip;  <a href=\"https:\/\/agora.xtec.cat\/escolapablopicasso\/general\/artista-del-mes-19\/\" title=\"Read ARTISTA DEL MES\">Llegeix m\u00e9s\u00bb<\/a><\/p>\n","protected":false},"author":1,"featured_media":0,"comment_status":"open","ping_status":"open","sticky":false,"template":"","format":"standard","meta":{"_bbp_topic_count":0,"_bbp_reply_count":0,"_bbp_total_topic_count":0,"_bbp_total_reply_count":0,"_bbp_voice_count":0,"_bbp_anonymous_reply_count":0,"_bbp_topic_count_hidden":0,"_bbp_reply_count_hidden":0,"_bbp_forum_subforum_count":0,"footnotes":""},"categories":[1,4],"tags":[],"class_list":["post-8665","post","type-post","status-publish","format-standard","hentry","category-general","category-portada"],"post_mailing_queue_ids":[],"_links":{"self":[{"href":"https:\/\/agora.xtec.cat\/escolapablopicasso\/wp-json\/wp\/v2\/posts\/8665","targetHints":{"allow":["GET"]}}],"collection":[{"href":"https:\/\/agora.xtec.cat\/escolapablopicasso\/wp-json\/wp\/v2\/posts"}],"about":[{"href":"https:\/\/agora.xtec.cat\/escolapablopicasso\/wp-json\/wp\/v2\/types\/post"}],"author":[{"embeddable":true,"href":"https:\/\/agora.xtec.cat\/escolapablopicasso\/wp-json\/wp\/v2\/users\/1"}],"replies":[{"embeddable":true,"href":"https:\/\/agora.xtec.cat\/escolapablopicasso\/wp-json\/wp\/v2\/comments?post=8665"}],"version-history":[{"count":2,"href":"https:\/\/agora.xtec.cat\/escolapablopicasso\/wp-json\/wp\/v2\/posts\/8665\/revisions"}],"predecessor-version":[{"id":8667,"href":"https:\/\/agora.xtec.cat\/escolapablopicasso\/wp-json\/wp\/v2\/posts\/8665\/revisions\/8667"}],"wp:attachment":[{"href":"https:\/\/agora.xtec.cat\/escolapablopicasso\/wp-json\/wp\/v2\/media?parent=8665"}],"wp:term":[{"taxonomy":"category","embeddable":true,"href":"https:\/\/agora.xtec.cat\/escolapablopicasso\/wp-json\/wp\/v2\/categories?post=8665"},{"taxonomy":"post_tag","embeddable":true,"href":"https:\/\/agora.xtec.cat\/escolapablopicasso\/wp-json\/wp\/v2\/tags?post=8665"}],"curies":[{"name":"wp","href":"https:\/\/api.w.org\/{rel}","templated":true}]}}