{"id":8644,"date":"2026-01-26T08:45:34","date_gmt":"2026-01-26T07:45:34","guid":{"rendered":"https:\/\/agora.xtec.cat\/escolapablopicasso\/?p=8644"},"modified":"2026-01-27T20:00:00","modified_gmt":"2026-01-27T19:00:00","slug":"xerrades-informatives-sobre-el-proces-de-preinscripcio-escolar","status":"publish","type":"post","link":"https:\/\/agora.xtec.cat\/escolapablopicasso\/general\/xerrades-informatives-sobre-el-proces-de-preinscripcio-escolar\/","title":{"rendered":"XERRADES INFORMATIVES SOBRE EL PROC\u00c9S DE PREINSCRIPCI\u00d3 ESCOLAR"},"content":{"rendered":"<p>L&#8217;Oficina Municipal d&#8217;Escolaritzaci\u00f3 (OME) de Barber\u00e0 del Vall\u00e8s, juntament amb el Departament d&#8217;Educaci\u00f3 i Formaci\u00f3 Professional han programat unes <strong>xerrades informatives sobre el proc\u00e9s de Preinscripci\u00f3 Escolar Curs 2026\/27:<\/strong><\/p>\n<p>(cliqueu la imatge per accedir al cartell)<\/p>\n<p><a href=\"https:\/\/drive.google.com\/file\/d\/1L8glB7RmWHu1qCJK5MBIIWCCLxF0I0oU\/view?usp=sharing\"><img loading=\"lazy\" decoding=\"async\" class=\"aligncenter wp-image-8650 size-medium\" src=\"https:\/\/agora.xtec.cat\/escolapablopicasso\/wp-content\/uploads\/usu295\/2026\/01\/xerradesajuntament-211x300.png\" alt=\"\" width=\"211\" height=\"300\" srcset=\"https:\/\/agora.xtec.cat\/escolapablopicasso\/wp-content\/uploads\/usu295\/2026\/01\/xerradesajuntament-211x300.png 211w, https:\/\/agora.xtec.cat\/escolapablopicasso\/wp-content\/uploads\/usu295\/2026\/01\/xerradesajuntament.png 616w\" sizes=\"auto, (max-width: 211px) 100vw, 211px\" \/><\/a><\/p>\n<p>El contingut de les xerrades \u00e9s el mateix en totes les sessions programades, sota aquests objectius:<\/p>\n<p>-Informar de tot el procediment de preinscripci\u00f3 segons marca la normativa vigent.<br \/>\n-Detallar el calendari de portes obertes dels centres educatius de Barber\u00e0.<br \/>\n-Deixar espai per formular dubtes i donar resposta a aquests.<\/p>\n<p>Per tema de limitaci\u00f3 d&#8217;aforament dels diferents espais, cal que es faci inscripci\u00f3 a la xerrada en la data que us vagi millor omplint el formulari seg\u00fcent: <a href=\"https:\/\/www.bdv.cat\/inscripcio-la-xerrades-informatives-sobre-el-proces-de-preinscripcio\">Acc\u00e9s al formulari<\/a><\/p>\n","protected":false},"excerpt":{"rendered":"<p>L&#8217;Oficina Municipal d&#8217;Escolaritzaci\u00f3 (OME) de Barber\u00e0 del Vall\u00e8s, juntament amb el Departament d&#8217;Educaci\u00f3 i Formaci\u00f3 Professional han programat unes xerrades informatives sobre el proc\u00e9s de Preinscripci\u00f3 Escolar Curs 2026\/27:<br \/>\n(cliqueu la imatge per accedir al cartell)<br \/>\n<a href=\"https:\/\/drive.google.com\/file\/d\/1L8glB7RmWHu1qCJK5MBIIWCCLxF0I0oU\/view?usp=sharing\"><\/a><br \/>\nEl contingut de les xerrades \u00e9s el mateix en totes&hellip;  <a href=\"https:\/\/agora.xtec.cat\/escolapablopicasso\/general\/xerrades-informatives-sobre-el-proces-de-preinscripcio-escolar\/\" title=\"Read XERRADES INFORMATIVES SOBRE EL PROC\u00c9S DE PREINSCRIPCI\u00d3 ESCOLAR\">Llegeix m\u00e9s\u00bb<\/a><\/p>\n","protected":false},"author":1,"featured_media":0,"comment_status":"open","ping_status":"open","sticky":false,"template":"","format":"standard","meta":{"_bbp_topic_count":0,"_bbp_reply_count":0,"_bbp_total_topic_count":0,"_bbp_total_reply_count":0,"_bbp_voice_count":0,"_bbp_anonymous_reply_count":0,"_bbp_topic_count_hidden":0,"_bbp_reply_count_hidden":0,"_bbp_forum_subforum_count":0,"footnotes":""},"categories":[1,4],"tags":[],"class_list":["post-8644","post","type-post","status-publish","format-standard","hentry","category-general","category-portada"],"post_mailing_queue_ids":[],"_links":{"self":[{"href":"https:\/\/agora.xtec.cat\/escolapablopicasso\/wp-json\/wp\/v2\/posts\/8644","targetHints":{"allow":["GET"]}}],"collection":[{"href":"https:\/\/agora.xtec.cat\/escolapablopicasso\/wp-json\/wp\/v2\/posts"}],"about":[{"href":"https:\/\/agora.xtec.cat\/escolapablopicasso\/wp-json\/wp\/v2\/types\/post"}],"author":[{"embeddable":true,"href":"https:\/\/agora.xtec.cat\/escolapablopicasso\/wp-json\/wp\/v2\/users\/1"}],"replies":[{"embeddable":true,"href":"https:\/\/agora.xtec.cat\/escolapablopicasso\/wp-json\/wp\/v2\/comments?post=8644"}],"version-history":[{"count":6,"href":"https:\/\/agora.xtec.cat\/escolapablopicasso\/wp-json\/wp\/v2\/posts\/8644\/revisions"}],"predecessor-version":[{"id":8653,"href":"https:\/\/agora.xtec.cat\/escolapablopicasso\/wp-json\/wp\/v2\/posts\/8644\/revisions\/8653"}],"wp:attachment":[{"href":"https:\/\/agora.xtec.cat\/escolapablopicasso\/wp-json\/wp\/v2\/media?parent=8644"}],"wp:term":[{"taxonomy":"category","embeddable":true,"href":"https:\/\/agora.xtec.cat\/escolapablopicasso\/wp-json\/wp\/v2\/categories?post=8644"},{"taxonomy":"post_tag","embeddable":true,"href":"https:\/\/agora.xtec.cat\/escolapablopicasso\/wp-json\/wp\/v2\/tags?post=8644"}],"curies":[{"name":"wp","href":"https:\/\/api.w.org\/{rel}","templated":true}]}}