{"id":8636,"date":"2026-01-26T09:00:02","date_gmt":"2026-01-26T08:00:02","guid":{"rendered":"https:\/\/agora.xtec.cat\/escolapablopicasso\/?p=8636"},"modified":"2026-01-26T18:33:20","modified_gmt":"2026-01-26T17:33:20","slug":"portes-obertes-2026","status":"publish","type":"post","link":"https:\/\/agora.xtec.cat\/escolapablopicasso\/general\/portes-obertes-2026\/","title":{"rendered":"PORTES OBERTES 2026"},"content":{"rendered":"<p>A continuaci\u00f3 trobareu les dates de les Portes Obertes de totes les escoles de Barber\u00e0 del Vall\u00e8s aix\u00ed com les seves p\u00e0gines web on podreu accedir als formularis d\u2019inscripci\u00f3 (cliqueu les imatges per accedir al cartell):<\/p>\n<p><a href=\"https:\/\/drive.google.com\/file\/d\/1YEQnSpPHKfxYBpty8v-PpBa5PlCaREcO\/view?usp=sharing\"><img loading=\"lazy\" decoding=\"async\" class=\"aligncenter wp-image-8637 size-medium\" src=\"https:\/\/agora.xtec.cat\/escolapablopicasso\/wp-content\/uploads\/usu295\/2026\/01\/PORTES-OBERTES-2026_esccoles-1-212x300.png\" alt=\"\" width=\"212\" height=\"300\" srcset=\"https:\/\/agora.xtec.cat\/escolapablopicasso\/wp-content\/uploads\/usu295\/2026\/01\/PORTES-OBERTES-2026_esccoles-1-212x300.png 212w, https:\/\/agora.xtec.cat\/escolapablopicasso\/wp-content\/uploads\/usu295\/2026\/01\/PORTES-OBERTES-2026_esccoles-1-724x1024.png 724w, https:\/\/agora.xtec.cat\/escolapablopicasso\/wp-content\/uploads\/usu295\/2026\/01\/PORTES-OBERTES-2026_esccoles-1-768x1086.png 768w, https:\/\/agora.xtec.cat\/escolapablopicasso\/wp-content\/uploads\/usu295\/2026\/01\/PORTES-OBERTES-2026_esccoles-1-1086x1536.png 1086w, https:\/\/agora.xtec.cat\/escolapablopicasso\/wp-content\/uploads\/usu295\/2026\/01\/PORTES-OBERTES-2026_esccoles-1-1448x2048.png 1448w, https:\/\/agora.xtec.cat\/escolapablopicasso\/wp-content\/uploads\/usu295\/2026\/01\/PORTES-OBERTES-2026_esccoles-1.png 1587w\" sizes=\"auto, (max-width: 212px) 100vw, 212px\" \/><\/a><\/p>\n<p>I aqu\u00ed les portes obertes dels instituts de secund\u00e0ria:<\/p>\n<p><a href=\"https:\/\/drive.google.com\/file\/d\/13nYD-kL7AOiW5hUn-9qEqeOGEmq3MuoB\/view?usp=sharing\"><img loading=\"lazy\" decoding=\"async\" class=\"aligncenter wp-image-8638 size-medium\" src=\"https:\/\/agora.xtec.cat\/escolapablopicasso\/wp-content\/uploads\/usu295\/2026\/01\/Portes-OBERTES-2026_instituts-1-212x300.png\" alt=\"\" width=\"212\" height=\"300\" srcset=\"https:\/\/agora.xtec.cat\/escolapablopicasso\/wp-content\/uploads\/usu295\/2026\/01\/Portes-OBERTES-2026_instituts-1-212x300.png 212w, https:\/\/agora.xtec.cat\/escolapablopicasso\/wp-content\/uploads\/usu295\/2026\/01\/Portes-OBERTES-2026_instituts-1-724x1024.png 724w, https:\/\/agora.xtec.cat\/escolapablopicasso\/wp-content\/uploads\/usu295\/2026\/01\/Portes-OBERTES-2026_instituts-1-768x1086.png 768w, https:\/\/agora.xtec.cat\/escolapablopicasso\/wp-content\/uploads\/usu295\/2026\/01\/Portes-OBERTES-2026_instituts-1-1086x1536.png 1086w, https:\/\/agora.xtec.cat\/escolapablopicasso\/wp-content\/uploads\/usu295\/2026\/01\/Portes-OBERTES-2026_instituts-1-1448x2048.png 1448w, https:\/\/agora.xtec.cat\/escolapablopicasso\/wp-content\/uploads\/usu295\/2026\/01\/Portes-OBERTES-2026_instituts-1.png 1587w\" sizes=\"auto, (max-width: 212px) 100vw, 212px\" \/><\/a><\/p>\n","protected":false},"excerpt":{"rendered":"<p>A continuaci\u00f3 trobareu les dates de les Portes Obertes de totes les escoles de Barber\u00e0 del Vall\u00e8s aix\u00ed com les seves p\u00e0gines web on podreu accedir als formularis d\u2019inscripci\u00f3 (cliqueu les imatges per accedir al cartell):<br \/>\n<a href=\"https:\/\/drive.google.com\/file\/d\/1YEQnSpPHKfxYBpty8v-PpBa5PlCaREcO\/view?usp=sharing\"><\/a><br \/>\nI aqu\u00ed les portes obertes dels instituts de secund\u00e0ria:<br \/>\n<a&hellip;  <a href=\"https:\/\/agora.xtec.cat\/escolapablopicasso\/general\/portes-obertes-2026\/\" title=\"Read PORTES OBERTES 2026\">Llegeix m\u00e9s\u00bb<\/a><\/p>\n","protected":false},"author":1,"featured_media":0,"comment_status":"open","ping_status":"open","sticky":false,"template":"","format":"standard","meta":{"_bbp_topic_count":0,"_bbp_reply_count":0,"_bbp_total_topic_count":0,"_bbp_total_reply_count":0,"_bbp_voice_count":0,"_bbp_anonymous_reply_count":0,"_bbp_topic_count_hidden":0,"_bbp_reply_count_hidden":0,"_bbp_forum_subforum_count":0,"footnotes":""},"categories":[1,4],"tags":[],"class_list":["post-8636","post","type-post","status-publish","format-standard","hentry","category-general","category-portada"],"post_mailing_queue_ids":[],"_links":{"self":[{"href":"https:\/\/agora.xtec.cat\/escolapablopicasso\/wp-json\/wp\/v2\/posts\/8636","targetHints":{"allow":["GET"]}}],"collection":[{"href":"https:\/\/agora.xtec.cat\/escolapablopicasso\/wp-json\/wp\/v2\/posts"}],"about":[{"href":"https:\/\/agora.xtec.cat\/escolapablopicasso\/wp-json\/wp\/v2\/types\/post"}],"author":[{"embeddable":true,"href":"https:\/\/agora.xtec.cat\/escolapablopicasso\/wp-json\/wp\/v2\/users\/1"}],"replies":[{"embeddable":true,"href":"https:\/\/agora.xtec.cat\/escolapablopicasso\/wp-json\/wp\/v2\/comments?post=8636"}],"version-history":[{"count":3,"href":"https:\/\/agora.xtec.cat\/escolapablopicasso\/wp-json\/wp\/v2\/posts\/8636\/revisions"}],"predecessor-version":[{"id":8642,"href":"https:\/\/agora.xtec.cat\/escolapablopicasso\/wp-json\/wp\/v2\/posts\/8636\/revisions\/8642"}],"wp:attachment":[{"href":"https:\/\/agora.xtec.cat\/escolapablopicasso\/wp-json\/wp\/v2\/media?parent=8636"}],"wp:term":[{"taxonomy":"category","embeddable":true,"href":"https:\/\/agora.xtec.cat\/escolapablopicasso\/wp-json\/wp\/v2\/categories?post=8636"},{"taxonomy":"post_tag","embeddable":true,"href":"https:\/\/agora.xtec.cat\/escolapablopicasso\/wp-json\/wp\/v2\/tags?post=8636"}],"curies":[{"name":"wp","href":"https:\/\/api.w.org\/{rel}","templated":true}]}}