{"id":8629,"date":"2026-01-23T19:31:38","date_gmt":"2026-01-23T18:31:38","guid":{"rendered":"https:\/\/agora.xtec.cat\/escolapablopicasso\/?p=8629"},"modified":"2026-01-23T20:11:17","modified_gmt":"2026-01-23T19:11:17","slug":"calendari-preinscripcio-del-curs-2026-27","status":"publish","type":"post","link":"https:\/\/agora.xtec.cat\/escolapablopicasso\/general\/calendari-preinscripcio-del-curs-2026-27\/","title":{"rendered":"CALENDARI PREINSCRIPCI\u00d3 DEL CURS 2026-27"},"content":{"rendered":"<p>Ja podeu consultar les dates de presentaci\u00f3 de sol\u00b7licituds per al <span style=\"text-decoration: underline;\">curs 2026-27<\/span>:<\/p>\n<p>&#8211;<strong>Educaci\u00f3 infantil de primer cicle<\/strong>: del 8 al 22 de maig de 2026 (o les dates que estableixi el municipi)<\/p>\n<p>&#8211;<strong>Educaci\u00f3 infantil de segon cicle i educaci\u00f3 prim\u00e0ri<\/strong>a: del 4 al 18 de mar\u00e7 de 2026<\/p>\n<p>&#8211;<strong>Educaci\u00f3 secund\u00e0ria obligat\u00f2ri<\/strong>a: del 6 al 18 de mar\u00e7 de 2026<\/p>\n<p>&#8211;<strong>Batxillerat<\/strong>: del 9 al 16 d&#8217;abril de 2026<\/p>\n<p>M\u00e9s informaci\u00f3 a <a href=\"https:\/\/preinscripcio.gencat.cat\/ca\/inici\">https:\/\/preinscripcio.gencat.cat\/ca\/inici<\/a><\/p>\n<p><img loading=\"lazy\" decoding=\"async\" class=\"aligncenter\" src=\"https:\/\/cdn-icons-png.flaticon.com\/512\/2620\/2620163.png\" alt=\"Inscripci\u00f3n - Iconos gratis de educaci\u00f3n\" width=\"250\" height=\"250\" \/><\/p>\n","protected":false},"excerpt":{"rendered":"<p>Ja podeu consultar les dates de presentaci\u00f3 de sol\u00b7licituds per al curs 2026-27:<br \/>\n&#8211;Educaci\u00f3 infantil de primer cicle: del 8 al 22 de maig de 2026 (o les dates que estableixi el municipi)<br \/>\n&#8211;Educaci\u00f3 infantil de segon cicle i educaci\u00f3 prim\u00e0ria: del 4 al 18 de mar\u00e7&hellip;  <a href=\"https:\/\/agora.xtec.cat\/escolapablopicasso\/general\/calendari-preinscripcio-del-curs-2026-27\/\" title=\"Read CALENDARI PREINSCRIPCI\u00d3 DEL CURS 2026-27\">Llegeix m\u00e9s\u00bb<\/a><\/p>\n","protected":false},"author":1,"featured_media":0,"comment_status":"open","ping_status":"open","sticky":false,"template":"","format":"standard","meta":{"_bbp_topic_count":0,"_bbp_reply_count":0,"_bbp_total_topic_count":0,"_bbp_total_reply_count":0,"_bbp_voice_count":0,"_bbp_anonymous_reply_count":0,"_bbp_topic_count_hidden":0,"_bbp_reply_count_hidden":0,"_bbp_forum_subforum_count":0,"footnotes":""},"categories":[1,4],"tags":[],"class_list":["post-8629","post","type-post","status-publish","format-standard","hentry","category-general","category-portada"],"post_mailing_queue_ids":[],"_links":{"self":[{"href":"https:\/\/agora.xtec.cat\/escolapablopicasso\/wp-json\/wp\/v2\/posts\/8629","targetHints":{"allow":["GET"]}}],"collection":[{"href":"https:\/\/agora.xtec.cat\/escolapablopicasso\/wp-json\/wp\/v2\/posts"}],"about":[{"href":"https:\/\/agora.xtec.cat\/escolapablopicasso\/wp-json\/wp\/v2\/types\/post"}],"author":[{"embeddable":true,"href":"https:\/\/agora.xtec.cat\/escolapablopicasso\/wp-json\/wp\/v2\/users\/1"}],"replies":[{"embeddable":true,"href":"https:\/\/agora.xtec.cat\/escolapablopicasso\/wp-json\/wp\/v2\/comments?post=8629"}],"version-history":[{"count":2,"href":"https:\/\/agora.xtec.cat\/escolapablopicasso\/wp-json\/wp\/v2\/posts\/8629\/revisions"}],"predecessor-version":[{"id":8640,"href":"https:\/\/agora.xtec.cat\/escolapablopicasso\/wp-json\/wp\/v2\/posts\/8629\/revisions\/8640"}],"wp:attachment":[{"href":"https:\/\/agora.xtec.cat\/escolapablopicasso\/wp-json\/wp\/v2\/media?parent=8629"}],"wp:term":[{"taxonomy":"category","embeddable":true,"href":"https:\/\/agora.xtec.cat\/escolapablopicasso\/wp-json\/wp\/v2\/categories?post=8629"},{"taxonomy":"post_tag","embeddable":true,"href":"https:\/\/agora.xtec.cat\/escolapablopicasso\/wp-json\/wp\/v2\/tags?post=8629"}],"curies":[{"name":"wp","href":"https:\/\/api.w.org\/{rel}","templated":true}]}}