{"id":8625,"date":"2026-01-23T19:14:41","date_gmt":"2026-01-23T18:14:41","guid":{"rendered":"https:\/\/agora.xtec.cat\/escolapablopicasso\/?p=8625"},"modified":"2026-01-23T19:15:48","modified_gmt":"2026-01-23T18:15:48","slug":"cuina-de-col%c2%b7lectivitats-i-escola-taller","status":"publish","type":"post","link":"https:\/\/agora.xtec.cat\/escolapablopicasso\/general\/cuina-de-col%c2%b7lectivitats-i-escola-taller\/","title":{"rendered":"CUINA DE COL\u00b7LECTIVITATS I ESCOLA TALLER"},"content":{"rendered":"<p>Des de l&#8217;ajuntament de Barber\u00e0 del Vall\u00e8s ens ha arribat aquesta informaci\u00f3 per a traslladar a tota la nostra Comunitat Educativa:<\/p>\n<p style=\"text-align: justify;\"><em>Benvolgudes fam\u00edlies, equips docents i personal de menjador,<br \/>\nL\u2019Ajuntament de Barber\u00e0 del Vall\u00e8s ha iniciat un proc\u00e9s participatiu a trav\u00e9s de la plataforma Decidim Barber\u00e0\u00a0 per recollir les aportacions de la comunitat educativa i de la ciutadania en relaci\u00f3 a l\u2019actuaci\u00f3 \u201cCuina de col\u00b7lectivitats i Escola Taller amb criteris ambientals i socials\u201d,\u00a0 un nou equipament que s\u2019ubicar\u00e0 a l\u2019edifici annex de l\u2019Escola del Bosc.<br \/>\nAquesta iniciativa t\u00e9 com a objectiu crear una cuina per a col\u00b7lectivitats amb capacitat per elaborar fins a 900 men\u00fas diaris \u2014450 en l\u00ednia calenta i 450 en l\u00ednia freda\u2014 destinada a abastir els menjadors de les llars d\u2019infants p\u00fabliques municipals i de les escoles de prim\u00e0ria i instituts sense cuina pr\u00f2pia que vulguin adherir-se al projecte. Alhora, es preveu impulsar una escola taller de restauraci\u00f3 orientada a la formaci\u00f3 de joves i de persones en proc\u00e9s d\u2019inserci\u00f3 laboral.<br \/>\nAquesta actuaci\u00f3 permetr\u00e0 disposar d\u2019una cuina de proximitat i fomentar la creaci\u00f3 d\u2019una xarxa d\u2019escoles que promogui i doni suport a una alimentaci\u00f3 saludable i sostenible als menjadors escolars. El projecte aposta per un model alimentari de proximitat, saludable, sostenible i socialment responsable, basat en productes frescos, de circuit curt i ecol\u00f2gics, la contractaci\u00f3 amb valor social i la formaci\u00f3 especialitzada en restauraci\u00f3 col\u00b7lectiva.<br \/>\nPerqu\u00e8 aquest projecte respongui a les necessitats i expectatives de la comunitat educativa, volem comptar amb la vostra opini\u00f3 i participaci\u00f3.<br \/>\nEn aquest sentit, s&#8217;ha posat en marxa un proc\u00e9s participatiu que inclou:<br \/>\n1 &#8211; Una enquesta que ha estat oberta fins al 23 de desembre del 2025.<br \/>\n2 &#8211; Una trobada participativa (Grup de discussi\u00f3) per compartir el plantejament de l&#8217;actuaci\u00f3 municipal i escoltar les inquietuds i propostes de les fam\u00edlies, docents i personal de menjador.<br \/>\n<\/em><strong><em>La sessi\u00f3 tindr\u00e0 lloc el dimarts 27 de gener, a les 17 h, a la Biblioteca Esteve <\/em><\/strong>Paluzie<strong><em>\u00a0(Sala\u00a0<\/em><\/strong>Allende<strong><em>).<\/em><\/strong><em><br \/>\nUs adjuntem la butlleta d&#8217;inscripci\u00f3. <\/em><a href=\"https:\/\/app.dinantia.com\/web\/system\/track_link\/FgQnamoA3Uuu\/19842088?original_url=https%3A%2F%2Folma.coop%2Flime%2Findex.php%2F528235%3Flang%3Dca\" target=\"_blank\" rel=\"noreferrer noopener\" data-saferedirecturl=\"https:\/\/www.google.com\/url?q=https:\/\/app.dinantia.com\/web\/system\/track_link\/FgQnamoA3Uuu\/19842088?original_url%3Dhttps%253A%252F%252Folma.coop%252Flime%252Findex.php%252F528235%253Flang%253Dca&amp;source=gmail&amp;ust=1769277997221000&amp;usg=AOvVaw3rCn4XiDNjX0nocFbwwUYq\"><em>https:\/\/olma.coop\/lime\/index.<wbr \/>php\/528235?lang=ca<\/em><\/a><em><br \/>\nPer facilitar la conciliaci\u00f3, s&#8217;oferir\u00e0 servei de cura d&#8217;infants, amb espai de joc lliure, adre\u00e7at a nens i nenes de 3 a 12 anys.<br \/>\nEsperem que aquesta iniciativa sigui del vostre inter\u00e8s i us animem a participar-hi activament!<\/em><\/p>\n","protected":false},"excerpt":{"rendered":"<p>Des de l&#8217;ajuntament de Barber\u00e0 del Vall\u00e8s ens ha arribat aquesta informaci\u00f3 per a traslladar a tota la nostra Comunitat Educativa:<br \/>\nBenvolgudes fam\u00edlies, equips docents i personal de menjador,<br \/>\nL\u2019Ajuntament de Barber\u00e0 del Vall\u00e8s ha iniciat un proc\u00e9s participatiu a trav\u00e9s de la plataforma Decidim Barber\u00e0\u00a0 per&hellip;  <a href=\"https:\/\/agora.xtec.cat\/escolapablopicasso\/general\/cuina-de-col%c2%b7lectivitats-i-escola-taller\/\" title=\"Read CUINA DE COL\u00b7LECTIVITATS I ESCOLA TALLER\">Llegeix m\u00e9s\u00bb<\/a><\/p>\n","protected":false},"author":1,"featured_media":0,"comment_status":"open","ping_status":"open","sticky":false,"template":"","format":"standard","meta":{"_bbp_topic_count":0,"_bbp_reply_count":0,"_bbp_total_topic_count":0,"_bbp_total_reply_count":0,"_bbp_voice_count":0,"_bbp_anonymous_reply_count":0,"_bbp_topic_count_hidden":0,"_bbp_reply_count_hidden":0,"_bbp_forum_subforum_count":0,"footnotes":""},"categories":[1,4],"tags":[],"class_list":["post-8625","post","type-post","status-publish","format-standard","hentry","category-general","category-portada"],"post_mailing_queue_ids":[],"_links":{"self":[{"href":"https:\/\/agora.xtec.cat\/escolapablopicasso\/wp-json\/wp\/v2\/posts\/8625","targetHints":{"allow":["GET"]}}],"collection":[{"href":"https:\/\/agora.xtec.cat\/escolapablopicasso\/wp-json\/wp\/v2\/posts"}],"about":[{"href":"https:\/\/agora.xtec.cat\/escolapablopicasso\/wp-json\/wp\/v2\/types\/post"}],"author":[{"embeddable":true,"href":"https:\/\/agora.xtec.cat\/escolapablopicasso\/wp-json\/wp\/v2\/users\/1"}],"replies":[{"embeddable":true,"href":"https:\/\/agora.xtec.cat\/escolapablopicasso\/wp-json\/wp\/v2\/comments?post=8625"}],"version-history":[{"count":2,"href":"https:\/\/agora.xtec.cat\/escolapablopicasso\/wp-json\/wp\/v2\/posts\/8625\/revisions"}],"predecessor-version":[{"id":8627,"href":"https:\/\/agora.xtec.cat\/escolapablopicasso\/wp-json\/wp\/v2\/posts\/8625\/revisions\/8627"}],"wp:attachment":[{"href":"https:\/\/agora.xtec.cat\/escolapablopicasso\/wp-json\/wp\/v2\/media?parent=8625"}],"wp:term":[{"taxonomy":"category","embeddable":true,"href":"https:\/\/agora.xtec.cat\/escolapablopicasso\/wp-json\/wp\/v2\/categories?post=8625"},{"taxonomy":"post_tag","embeddable":true,"href":"https:\/\/agora.xtec.cat\/escolapablopicasso\/wp-json\/wp\/v2\/tags?post=8625"}],"curies":[{"name":"wp","href":"https:\/\/api.w.org\/{rel}","templated":true}]}}