{"id":8623,"date":"2026-01-19T20:17:19","date_gmt":"2026-01-19T19:17:19","guid":{"rendered":"https:\/\/agora.xtec.cat\/escolapablopicasso\/?p=8623"},"modified":"2026-01-23T19:35:59","modified_gmt":"2026-01-23T18:35:59","slug":"activitat-formativa-per-a-families-0-6-anys","status":"publish","type":"post","link":"https:\/\/agora.xtec.cat\/escolapablopicasso\/general\/activitat-formativa-per-a-families-0-6-anys\/","title":{"rendered":"ACTIVITAT FORMATIVA PER A FAM\u00cdLIES 0-6 ANYS"},"content":{"rendered":"<p>Des de la Secci\u00f3 Municipal d&#8217;Educaci\u00f3 de l&#8217;Ajuntament de Barber\u00e0 ens han demanat que fem extensiu la seg\u00fcent informaci\u00f3:<\/p>\n<p style=\"text-align: justify;\"><em>El pr\u00f2xim 29 de gener, a les 15:15 hores, es dur\u00e0 a terme la sessi\u00f3 formativa &#8220;L\u00edmits respectuosos i sans&#8221;, en la qual es compartir\u00e0 la import\u00e0ncia que t\u00e9 posar l\u00edmits i que aquests siguin sans. A m\u00e9s a m\u00e9s, es donaran eines de com posar l\u00edmits i afrontar les rebequeries dels infants amb tranquil\u00b7litat tenint present que aquestes formen part de l&#8217;evoluci\u00f3 de l&#8217;infant. Tamb\u00e9 de quina resposta ha de tenir la persona adulta per tal d&#8217;acompanyar l&#8217;infant quan es produeixen frustracions i enrabiades.<\/em><\/p>\n<p style=\"text-align: justify;\">Aquesta xerrada \u00e9s dirigida, principalment, a fam\u00edlies amb infants de 0 a 6 anys, encara que, uns dies abans us farem arribar, a les fam\u00edlies inscrites, un q\u00fcestionari previ amb la finalitat d&#8217;adaptar al m\u00e0xim la xerrada al p\u00fablic assistent.<\/p>\n<p style=\"text-align: justify;\">La xerrada es dur\u00e0 a terme a la Llar d&#8217;Infants P\u00fablica Municipal Baldufa i tindr\u00e0 una durada d&#8217;aproximadament 2 hores.<\/p>\n<p style=\"text-align: justify;\">Com sempre, aquesta sessi\u00f3 formativa \u00e9s oberta a totes les fam\u00edlies.<\/p>\n<p style=\"text-align: justify;\">\u00c9s per aix\u00f2 que us demanem que en feu difusi\u00f3 a les fam\u00edlies de la vostra escola que tinguin o puguin tenir infants en aquesta franja d&#8217;edat.<\/p>\n<p style=\"text-align: justify;\">Les fam\u00edlies interessades poden formalitzar la inscripci\u00f3 en aquest\u00a0<a href=\"https:\/\/app.dinantia.com\/web\/system\/track_link\/TqYNpqkWJ5Sp\/19769411?original_url=https%3A%2F%2Fwww.bdv.cat%2Finscripcio-lactivitat-formativa-families-amb-infants-fins-6-anys\" target=\"_blank\" rel=\"noreferrer noopener\" data-saferedirecturl=\"https:\/\/www.google.com\/url?q=https:\/\/app.dinantia.com\/web\/system\/track_link\/TqYNpqkWJ5Sp\/19769411?original_url%3Dhttps%253A%252F%252Fwww.bdv.cat%252Finscripcio-lactivitat-formativa-families-amb-infants-fins-6-anys&amp;source=gmail&amp;ust=1768936487451000&amp;usg=AOvVaw1LR9E07euVBH-ZZT1kE11M\"><strong>Enlla\u00e7<\/strong><\/a><\/p>\n<p style=\"text-align: justify;\">Salutacions,<\/p>\n","protected":false},"excerpt":{"rendered":"<p>Des de la Secci\u00f3 Municipal d&#8217;Educaci\u00f3 de l&#8217;Ajuntament de Barber\u00e0 ens han demanat que fem extensiu la seg\u00fcent informaci\u00f3:<br \/>\nEl pr\u00f2xim 29 de gener, a les 15:15 hores, es dur\u00e0 a terme la sessi\u00f3 formativa &#8220;L\u00edmits respectuosos i sans&#8221;, en la qual es compartir\u00e0 la import\u00e0ncia&hellip;  <a href=\"https:\/\/agora.xtec.cat\/escolapablopicasso\/general\/activitat-formativa-per-a-families-0-6-anys\/\" title=\"Read ACTIVITAT FORMATIVA PER A FAM\u00cdLIES 0-6 ANYS\">Llegeix m\u00e9s\u00bb<\/a><\/p>\n","protected":false},"author":1,"featured_media":0,"comment_status":"open","ping_status":"open","sticky":false,"template":"","format":"standard","meta":{"_bbp_topic_count":0,"_bbp_reply_count":0,"_bbp_total_topic_count":0,"_bbp_total_reply_count":0,"_bbp_voice_count":0,"_bbp_anonymous_reply_count":0,"_bbp_topic_count_hidden":0,"_bbp_reply_count_hidden":0,"_bbp_forum_subforum_count":0,"footnotes":""},"categories":[1,4],"tags":[],"class_list":["post-8623","post","type-post","status-publish","format-standard","hentry","category-general","category-portada"],"post_mailing_queue_ids":[],"_links":{"self":[{"href":"https:\/\/agora.xtec.cat\/escolapablopicasso\/wp-json\/wp\/v2\/posts\/8623","targetHints":{"allow":["GET"]}}],"collection":[{"href":"https:\/\/agora.xtec.cat\/escolapablopicasso\/wp-json\/wp\/v2\/posts"}],"about":[{"href":"https:\/\/agora.xtec.cat\/escolapablopicasso\/wp-json\/wp\/v2\/types\/post"}],"author":[{"embeddable":true,"href":"https:\/\/agora.xtec.cat\/escolapablopicasso\/wp-json\/wp\/v2\/users\/1"}],"replies":[{"embeddable":true,"href":"https:\/\/agora.xtec.cat\/escolapablopicasso\/wp-json\/wp\/v2\/comments?post=8623"}],"version-history":[{"count":4,"href":"https:\/\/agora.xtec.cat\/escolapablopicasso\/wp-json\/wp\/v2\/posts\/8623\/revisions"}],"predecessor-version":[{"id":8632,"href":"https:\/\/agora.xtec.cat\/escolapablopicasso\/wp-json\/wp\/v2\/posts\/8623\/revisions\/8632"}],"wp:attachment":[{"href":"https:\/\/agora.xtec.cat\/escolapablopicasso\/wp-json\/wp\/v2\/media?parent=8623"}],"wp:term":[{"taxonomy":"category","embeddable":true,"href":"https:\/\/agora.xtec.cat\/escolapablopicasso\/wp-json\/wp\/v2\/categories?post=8623"},{"taxonomy":"post_tag","embeddable":true,"href":"https:\/\/agora.xtec.cat\/escolapablopicasso\/wp-json\/wp\/v2\/tags?post=8623"}],"curies":[{"name":"wp","href":"https:\/\/api.w.org\/{rel}","templated":true}]}}