{"id":8586,"date":"2025-12-01T09:00:51","date_gmt":"2025-12-01T08:00:51","guid":{"rendered":"https:\/\/agora.xtec.cat\/escolapablopicasso\/?p=8586"},"modified":"2025-12-03T20:06:14","modified_gmt":"2025-12-03T19:06:14","slug":"artista-del-mes-18","status":"publish","type":"post","link":"https:\/\/agora.xtec.cat\/escolapablopicasso\/general\/artista-del-mes-18\/","title":{"rendered":"ARTISTA DEL MES"},"content":{"rendered":"<p>I l&#8217;artista que ens acompanyar\u00e0 durant els mesos de desembre i gener \u00e9s: <strong>Marta<\/strong><b> Minuj\u00edn<\/b><\/p>\n<p><img loading=\"lazy\" decoding=\"async\" class=\"aligncenter\" src=\"https:\/\/www.cultura.gob.es\/dam\/jcr:c6e4bf6e-494e-4d09-8ff8-3485d5cae36c\/pv2016-01.jpg\" alt=\"Premio Nacional de Artes Pl\u00e1sticas - 2008 - - Premios a las Bellas Artes | Ministerio de Cultura\" width=\"150\" height=\"225\" \/><\/p>\n<p><b>Marta In\u00e9s Minuj\u00edn<\/b> ((Buenos Aires, 30 de gener de 1943) \u00e9s una artista pl\u00e0stica argentina, coneguda per les seves obres avantguardistes produ\u00efdes principalment durant les d\u00e8cades de 1960, 1970 i 1980.<\/p>\n<p>La seva obra, de car\u00e0cter conceptual, pop, psicod\u00e8lic i d&#8217;acci\u00f3, s&#8217;ha convertit en el paradigma de la generaci\u00f3 <i>baby boomer<\/i>\u00a0que, en la d\u00e8cada de 1960, va revolucionar les normes socials preestablertes i va establir una contracultura.<\/p>\n<p><img loading=\"lazy\" decoding=\"async\" class=\"\" src=\"https:\/\/www.bonart.cat\/storage\/media\/77089\/01K3GGQHAJA9BXS92ZJE9ZHKTH.png\" alt=\"Marta Minuj\u00edn sigue fiel a vivir en arte - Bonart\" width=\"236\" height=\"167\" \/> <img loading=\"lazy\" decoding=\"async\" class=\"\" src=\"https:\/\/d7hftxdivxxvm.cloudfront.net\/?height=800&amp;quality=50&amp;resize_to=fit&amp;src=https%3A%2F%2Fd32dm0rphc51dk.cloudfront.net%2FRgEX86LTo2zWVelG-1G66A%2Fnormalized.jpg&amp;width=614\" alt=\"Marta Minuj\u00edn | Cuadro blando Arte encapsulado (2014) | Artsy\" width=\"131\" height=\"171\" \/><\/p>\n<p>&nbsp;<\/p>\n","protected":false},"excerpt":{"rendered":"<p>I l&#8217;artista que ens acompanyar\u00e0 durant els mesos de desembre i gener \u00e9s: Marta Minuj\u00edn<\/p>\n<p>Marta In\u00e9s Minuj\u00edn ((Buenos Aires, 30 de gener de 1943) \u00e9s una artista pl\u00e0stica argentina, coneguda per les seves obres avantguardistes produ\u00efdes principalment durant les d\u00e8cades de 1960, 1970 i 1980.<br \/>\nLa&hellip;  <a href=\"https:\/\/agora.xtec.cat\/escolapablopicasso\/general\/artista-del-mes-18\/\" title=\"Read ARTISTA DEL MES\">Llegeix m\u00e9s\u00bb<\/a><\/p>\n","protected":false},"author":1,"featured_media":0,"comment_status":"open","ping_status":"open","sticky":false,"template":"","format":"standard","meta":{"_bbp_topic_count":0,"_bbp_reply_count":0,"_bbp_total_topic_count":0,"_bbp_total_reply_count":0,"_bbp_voice_count":0,"_bbp_anonymous_reply_count":0,"_bbp_topic_count_hidden":0,"_bbp_reply_count_hidden":0,"_bbp_forum_subforum_count":0,"footnotes":""},"categories":[1,4],"tags":[],"class_list":["post-8586","post","type-post","status-publish","format-standard","hentry","category-general","category-portada"],"post_mailing_queue_ids":[],"_links":{"self":[{"href":"https:\/\/agora.xtec.cat\/escolapablopicasso\/wp-json\/wp\/v2\/posts\/8586","targetHints":{"allow":["GET"]}}],"collection":[{"href":"https:\/\/agora.xtec.cat\/escolapablopicasso\/wp-json\/wp\/v2\/posts"}],"about":[{"href":"https:\/\/agora.xtec.cat\/escolapablopicasso\/wp-json\/wp\/v2\/types\/post"}],"author":[{"embeddable":true,"href":"https:\/\/agora.xtec.cat\/escolapablopicasso\/wp-json\/wp\/v2\/users\/1"}],"replies":[{"embeddable":true,"href":"https:\/\/agora.xtec.cat\/escolapablopicasso\/wp-json\/wp\/v2\/comments?post=8586"}],"version-history":[{"count":5,"href":"https:\/\/agora.xtec.cat\/escolapablopicasso\/wp-json\/wp\/v2\/posts\/8586\/revisions"}],"predecessor-version":[{"id":8599,"href":"https:\/\/agora.xtec.cat\/escolapablopicasso\/wp-json\/wp\/v2\/posts\/8586\/revisions\/8599"}],"wp:attachment":[{"href":"https:\/\/agora.xtec.cat\/escolapablopicasso\/wp-json\/wp\/v2\/media?parent=8586"}],"wp:term":[{"taxonomy":"category","embeddable":true,"href":"https:\/\/agora.xtec.cat\/escolapablopicasso\/wp-json\/wp\/v2\/categories?post=8586"},{"taxonomy":"post_tag","embeddable":true,"href":"https:\/\/agora.xtec.cat\/escolapablopicasso\/wp-json\/wp\/v2\/tags?post=8586"}],"curies":[{"name":"wp","href":"https:\/\/api.w.org\/{rel}","templated":true}]}}