{"id":8570,"date":"2025-11-24T15:04:00","date_gmt":"2025-11-24T14:04:00","guid":{"rendered":"https:\/\/agora.xtec.cat\/escolapablopicasso\/?p=8570"},"modified":"2025-11-24T21:49:51","modified_gmt":"2025-11-24T20:49:51","slug":"vestuari-picasso-en-concert-2","status":"publish","type":"post","link":"https:\/\/agora.xtec.cat\/escolapablopicasso\/general\/vestuari-picasso-en-concert-2\/","title":{"rendered":"VESTUARI PICASSO EN CONCERT"},"content":{"rendered":"<p>A continuaci\u00f3 us adjuntem les consignes de vestuari del concert del proper 15 de desembre al T.M.C.<\/p>\n<p>Tamb\u00e9 us informem de l&#8217;organitzaci\u00f3 dels torns:<\/p>\n<p>-1r torn (de 9&#8217;30h a 11&#8217;00h) 1r, 2n, 3r i 4t<\/p>\n<p>-2n torn (d&#8217;11&#8217;30h a 13&#8217;00h) I3, I4, I5, 5\u00e8 i 6\u00e8<\/p>\n<p>M\u00e9s endavant rebreu m\u00e9s informaci\u00f3 referent al concert (entrades, recollida d&#8217;infants, organitzaci\u00f3&#8230;)<\/p>\n<div><\/div>\n<div><\/div>\n<div><a href=\"https:\/\/agora.xtec.cat\/escolapablopicasso\/wp-content\/uploads\/usu295\/2025\/11\/2025-26-VESTUARI-PICASSO-EN-CONCERT.png\"><img loading=\"lazy\" decoding=\"async\" class=\"aligncenter wp-image-8571\" src=\"https:\/\/agora.xtec.cat\/escolapablopicasso\/wp-content\/uploads\/usu295\/2025\/11\/2025-26-VESTUARI-PICASSO-EN-CONCERT.png\" alt=\"\" width=\"591\" height=\"836\" srcset=\"https:\/\/agora.xtec.cat\/escolapablopicasso\/wp-content\/uploads\/usu295\/2025\/11\/2025-26-VESTUARI-PICASSO-EN-CONCERT.png 1414w, https:\/\/agora.xtec.cat\/escolapablopicasso\/wp-content\/uploads\/usu295\/2025\/11\/2025-26-VESTUARI-PICASSO-EN-CONCERT-212x300.png 212w, https:\/\/agora.xtec.cat\/escolapablopicasso\/wp-content\/uploads\/usu295\/2025\/11\/2025-26-VESTUARI-PICASSO-EN-CONCERT-724x1024.png 724w, https:\/\/agora.xtec.cat\/escolapablopicasso\/wp-content\/uploads\/usu295\/2025\/11\/2025-26-VESTUARI-PICASSO-EN-CONCERT-768x1086.png 768w, https:\/\/agora.xtec.cat\/escolapablopicasso\/wp-content\/uploads\/usu295\/2025\/11\/2025-26-VESTUARI-PICASSO-EN-CONCERT-1086x1536.png 1086w\" sizes=\"auto, (max-width: 591px) 100vw, 591px\" \/><\/a><\/div>\n<div><\/div>\n<div>(CLIQUEU LA IMATGE PER FER M\u00c9S GRAN)<\/div>\n","protected":false},"excerpt":{"rendered":"<p>A continuaci\u00f3 us adjuntem les consignes de vestuari del concert del proper 15 de desembre al T.M.C.<br \/>\nTamb\u00e9 us informem de l&#8217;organitzaci\u00f3 dels torns:<br \/>\n-1r torn (de 9&#8217;30h a 11&#8217;00h) 1r, 2n, 3r i 4t<br \/>\n-2n torn (d&#8217;11&#8217;30h a 13&#8217;00h) I3, I4, I5, 5\u00e8 i 6\u00e8<br \/>\nM\u00e9s endavant rebreu&hellip;  <a href=\"https:\/\/agora.xtec.cat\/escolapablopicasso\/general\/vestuari-picasso-en-concert-2\/\" title=\"Read VESTUARI PICASSO EN CONCERT\">Llegeix m\u00e9s\u00bb<\/a><\/p>\n","protected":false},"author":1,"featured_media":0,"comment_status":"open","ping_status":"open","sticky":false,"template":"","format":"standard","meta":{"_bbp_topic_count":0,"_bbp_reply_count":0,"_bbp_total_topic_count":0,"_bbp_total_reply_count":0,"_bbp_voice_count":0,"_bbp_anonymous_reply_count":0,"_bbp_topic_count_hidden":0,"_bbp_reply_count_hidden":0,"_bbp_forum_subforum_count":0,"footnotes":""},"categories":[23,1,24,4],"tags":[],"class_list":["post-8570","post","type-post","status-publish","format-standard","hentry","category-nadal","category-general","category-musica","category-portada"],"post_mailing_queue_ids":[],"_links":{"self":[{"href":"https:\/\/agora.xtec.cat\/escolapablopicasso\/wp-json\/wp\/v2\/posts\/8570","targetHints":{"allow":["GET"]}}],"collection":[{"href":"https:\/\/agora.xtec.cat\/escolapablopicasso\/wp-json\/wp\/v2\/posts"}],"about":[{"href":"https:\/\/agora.xtec.cat\/escolapablopicasso\/wp-json\/wp\/v2\/types\/post"}],"author":[{"embeddable":true,"href":"https:\/\/agora.xtec.cat\/escolapablopicasso\/wp-json\/wp\/v2\/users\/1"}],"replies":[{"embeddable":true,"href":"https:\/\/agora.xtec.cat\/escolapablopicasso\/wp-json\/wp\/v2\/comments?post=8570"}],"version-history":[{"count":6,"href":"https:\/\/agora.xtec.cat\/escolapablopicasso\/wp-json\/wp\/v2\/posts\/8570\/revisions"}],"predecessor-version":[{"id":8577,"href":"https:\/\/agora.xtec.cat\/escolapablopicasso\/wp-json\/wp\/v2\/posts\/8570\/revisions\/8577"}],"wp:attachment":[{"href":"https:\/\/agora.xtec.cat\/escolapablopicasso\/wp-json\/wp\/v2\/media?parent=8570"}],"wp:term":[{"taxonomy":"category","embeddable":true,"href":"https:\/\/agora.xtec.cat\/escolapablopicasso\/wp-json\/wp\/v2\/categories?post=8570"},{"taxonomy":"post_tag","embeddable":true,"href":"https:\/\/agora.xtec.cat\/escolapablopicasso\/wp-json\/wp\/v2\/tags?post=8570"}],"curies":[{"name":"wp","href":"https:\/\/api.w.org\/{rel}","templated":true}]}}