{"id":8529,"date":"2025-10-24T09:51:41","date_gmt":"2025-10-24T07:51:41","guid":{"rendered":"https:\/\/agora.xtec.cat\/escolapablopicasso\/?p=8529"},"modified":"2025-10-27T09:58:44","modified_gmt":"2025-10-27T08:58:44","slug":"cueme","status":"publish","type":"post","link":"https:\/\/agora.xtec.cat\/escolapablopicasso\/general\/cueme\/","title":{"rendered":"CuEmE"},"content":{"rendered":"<p>CuEmE\u00a0\u00e9s un programa per\u00a0<strong>treballar l\u2019autonomia, la iniciativa personal i l\u2019emprenedoria al darrer cicle de prim\u00e0ria<\/strong>, on es fomenten les compet\u00e8ncies i els valors de l\u2019emprenedoria i el cooperativisme, ja que l\u2019escola i els infants que hi participen\u00a0<strong>creen i gestionen una cooperativa durant el curs escolar<\/strong>.<\/p>\n<p>Una\u00a0<strong>caracter\u00edstica fonamental del programa<\/strong>\u00a0\u00e9s que els nens i les nenes fan aquest treball cooperatiu amb el suport del col\u00b7legi i la seva comunitat educativa, per\u00f2 tamb\u00e9\u00a0<strong>acompanyats per l\u2019administraci\u00f3 i altres agents socials de la seva localitat<\/strong>. Aix\u00ed doncs, l\u2019alumnat compta amb el suport de l\u2019Ajuntament, les empreses, les entitats i les persones del territori.<\/p>\n<p>El proc\u00e9s de treball t\u00e9\u00a0<strong>diferents fases per<\/strong>\u00a0<strong>constituir la cooperativa.<\/strong><\/p>\n<p>El passat divendres 24 d&#8217;octubre, es van constituir les cooperatives de 6\u00e8A i 6\u00e8B de la nostra escola a les Oficines d&#8217;Atenci\u00f3 Ciutadana de Barber\u00e0 del Vall\u00e8s.<\/p>\n<p><a href=\"https:\/\/agora.xtec.cat\/escolapablopicasso\/wp-content\/uploads\/usu295\/2025\/10\/IMG-20251024-WA0006.jpg\"><img loading=\"lazy\" decoding=\"async\" class=\"aligncenter wp-image-8530 size-medium\" src=\"https:\/\/agora.xtec.cat\/escolapablopicasso\/wp-content\/uploads\/usu295\/2025\/10\/IMG-20251024-WA0006-225x300.jpg\" alt=\"\" width=\"225\" height=\"300\" srcset=\"https:\/\/agora.xtec.cat\/escolapablopicasso\/wp-content\/uploads\/usu295\/2025\/10\/IMG-20251024-WA0006-225x300.jpg 225w, https:\/\/agora.xtec.cat\/escolapablopicasso\/wp-content\/uploads\/usu295\/2025\/10\/IMG-20251024-WA0006-768x1024.jpg 768w, https:\/\/agora.xtec.cat\/escolapablopicasso\/wp-content\/uploads\/usu295\/2025\/10\/IMG-20251024-WA0006-1152x1536.jpg 1152w, https:\/\/agora.xtec.cat\/escolapablopicasso\/wp-content\/uploads\/usu295\/2025\/10\/IMG-20251024-WA0006.jpg 1200w\" sizes=\"auto, (max-width: 225px) 100vw, 225px\" \/><\/a><\/p>\n","protected":false},"excerpt":{"rendered":"<p>CuEmE\u00a0\u00e9s un programa per\u00a0treballar l\u2019autonomia, la iniciativa personal i l\u2019emprenedoria al darrer cicle de prim\u00e0ria, on es fomenten les compet\u00e8ncies i els valors de l\u2019emprenedoria i el cooperativisme, ja que l\u2019escola i els infants que hi participen\u00a0creen i gestionen una cooperativa durant el curs escolar.<br \/>\nUna\u00a0caracter\u00edstica&hellip;  <a href=\"https:\/\/agora.xtec.cat\/escolapablopicasso\/general\/cueme\/\" title=\"Read CuEmE\">Llegeix m\u00e9s\u00bb<\/a><\/p>\n","protected":false},"author":1,"featured_media":0,"comment_status":"open","ping_status":"open","sticky":false,"template":"","format":"standard","meta":{"_bbp_topic_count":0,"_bbp_reply_count":0,"_bbp_total_topic_count":0,"_bbp_total_reply_count":0,"_bbp_voice_count":0,"_bbp_anonymous_reply_count":0,"_bbp_topic_count_hidden":0,"_bbp_reply_count_hidden":0,"_bbp_forum_subforum_count":0,"footnotes":""},"categories":[15,1,4],"tags":[],"class_list":["post-8529","post","type-post","status-publish","format-standard","hentry","category-6e","category-general","category-portada"],"post_mailing_queue_ids":[],"_links":{"self":[{"href":"https:\/\/agora.xtec.cat\/escolapablopicasso\/wp-json\/wp\/v2\/posts\/8529","targetHints":{"allow":["GET"]}}],"collection":[{"href":"https:\/\/agora.xtec.cat\/escolapablopicasso\/wp-json\/wp\/v2\/posts"}],"about":[{"href":"https:\/\/agora.xtec.cat\/escolapablopicasso\/wp-json\/wp\/v2\/types\/post"}],"author":[{"embeddable":true,"href":"https:\/\/agora.xtec.cat\/escolapablopicasso\/wp-json\/wp\/v2\/users\/1"}],"replies":[{"embeddable":true,"href":"https:\/\/agora.xtec.cat\/escolapablopicasso\/wp-json\/wp\/v2\/comments?post=8529"}],"version-history":[{"count":3,"href":"https:\/\/agora.xtec.cat\/escolapablopicasso\/wp-json\/wp\/v2\/posts\/8529\/revisions"}],"predecessor-version":[{"id":8533,"href":"https:\/\/agora.xtec.cat\/escolapablopicasso\/wp-json\/wp\/v2\/posts\/8529\/revisions\/8533"}],"wp:attachment":[{"href":"https:\/\/agora.xtec.cat\/escolapablopicasso\/wp-json\/wp\/v2\/media?parent=8529"}],"wp:term":[{"taxonomy":"category","embeddable":true,"href":"https:\/\/agora.xtec.cat\/escolapablopicasso\/wp-json\/wp\/v2\/categories?post=8529"},{"taxonomy":"post_tag","embeddable":true,"href":"https:\/\/agora.xtec.cat\/escolapablopicasso\/wp-json\/wp\/v2\/tags?post=8529"}],"curies":[{"name":"wp","href":"https:\/\/api.w.org\/{rel}","templated":true}]}}