{"id":8512,"date":"2025-10-01T15:16:05","date_gmt":"2025-10-01T13:16:05","guid":{"rendered":"https:\/\/agora.xtec.cat\/escolapablopicasso\/?p=8512"},"modified":"2025-10-01T15:16:05","modified_gmt":"2025-10-01T13:16:05","slug":"artista-del-mes-16","status":"publish","type":"post","link":"https:\/\/agora.xtec.cat\/escolapablopicasso\/general\/artista-del-mes-16\/","title":{"rendered":"ARTISTA DEL MES"},"content":{"rendered":"<p>I l&#8217;artista que ens inspirar\u00e0 aquest mes d&#8217;octubre \u00e9s: Franz Schubert<\/p>\n<p><img loading=\"lazy\" decoding=\"async\" class=\"aligncenter\" src=\"https:\/\/upload.wikimedia.org\/wikipedia\/commons\/thumb\/1\/18\/Franz_Schubert_by_Wilhelm_August_Rieder_1875_larger_version.png\/250px-Franz_Schubert_by_Wilhelm_August_Rieder_1875_larger_version.png\" alt=\"Imatge\" width=\"250\" height=\"304\" \/><\/p>\n<p><b>Franz Peter Schubert<\/b>\u00a0(Viena,\u00a0Sacre Imperi Romanogerm\u00e0nic,\u00a031 de gener\u00a0de\u00a01797\u00a0&#8211; Viena,\u00a0Imperi Austr\u00edac,\u00a019 de novembre\u00a0de\u00a01828) fou un\u00a0compositor\u00a0austr\u00edac. Tot i que va morir amb nom\u00e9s trenta-un\u00a0anys, Schubert \u00e9s un dels grans compositors del segle\u00a0<span title=\"Nombre\u00a0escrit en xifres romanes\">xix<\/span>, i el mestre indiscutible del\u00a0lied: en va escriure uns 600, el conjunt m\u00e9s perfecte i variat de la hist\u00f2ria.<\/p>\n<p>Se&#8217;l sol considerar, gaireb\u00e9, el creador del g\u00e8nere. Tamb\u00e9 va escriure\u00a0m\u00fasica lit\u00fargica, \u00f2peres, m\u00fasica incidental i una quantitat important de m\u00fasica de cambra i per a piano, aix\u00ed com nou simfonies (incloent-hi la famosa\u00a0<i>Simfonia Inacabada<\/i>).<\/p>\n<p><iframe loading=\"lazy\" src=\"\/\/www.youtube.com\/embed\/eweNfeaztoY?list=RDeweNfeaztoY&amp;start_radio=1\" width=\"560\" height=\"314\" allowfullscreen=\"allowfullscreen\"><\/iframe><\/p>\n<p>A la classe de m\u00fasica estem coneixent aquest gran compositor. A continuaci\u00f3 podeu veure un dels nostres treballs:<\/p>\n<p><a href=\"https:\/\/agora.xtec.cat\/escolapablopicasso\/wp-content\/uploads\/usu295\/2025\/10\/IMG-20251001-WA0004.jpg\"><img loading=\"lazy\" decoding=\"async\" class=\"aligncenter size-full wp-image-8513\" src=\"https:\/\/agora.xtec.cat\/escolapablopicasso\/wp-content\/uploads\/usu295\/2025\/10\/IMG-20251001-WA0004.jpg\" alt=\"\" width=\"1600\" height=\"1200\" srcset=\"https:\/\/agora.xtec.cat\/escolapablopicasso\/wp-content\/uploads\/usu295\/2025\/10\/IMG-20251001-WA0004.jpg 1600w, https:\/\/agora.xtec.cat\/escolapablopicasso\/wp-content\/uploads\/usu295\/2025\/10\/IMG-20251001-WA0004-300x225.jpg 300w, https:\/\/agora.xtec.cat\/escolapablopicasso\/wp-content\/uploads\/usu295\/2025\/10\/IMG-20251001-WA0004-1024x768.jpg 1024w, https:\/\/agora.xtec.cat\/escolapablopicasso\/wp-content\/uploads\/usu295\/2025\/10\/IMG-20251001-WA0004-768x576.jpg 768w, https:\/\/agora.xtec.cat\/escolapablopicasso\/wp-content\/uploads\/usu295\/2025\/10\/IMG-20251001-WA0004-1536x1152.jpg 1536w, https:\/\/agora.xtec.cat\/escolapablopicasso\/wp-content\/uploads\/usu295\/2025\/10\/IMG-20251001-WA0004-200x150.jpg 200w\" sizes=\"auto, (max-width: 1600px) 100vw, 1600px\" \/><\/a><\/p>\n","protected":false},"excerpt":{"rendered":"<p>I l&#8217;artista que ens inspirar\u00e0 aquest mes d&#8217;octubre \u00e9s: Franz Schubert<\/p>\n<p>Franz Peter Schubert\u00a0(Viena,\u00a0Sacre Imperi Romanogerm\u00e0nic,\u00a031 de gener\u00a0de\u00a01797\u00a0&#8211; Viena,\u00a0Imperi Austr\u00edac,\u00a019 de novembre\u00a0de\u00a01828) fou un\u00a0compositor\u00a0austr\u00edac. Tot i que va morir amb nom\u00e9s trenta-un\u00a0anys, Schubert \u00e9s un dels grans compositors del segle\u00a0xix, i el mestre indiscutible del\u00a0lied: en&hellip;  <a href=\"https:\/\/agora.xtec.cat\/escolapablopicasso\/general\/artista-del-mes-16\/\" title=\"Read ARTISTA DEL MES\">Llegeix m\u00e9s\u00bb<\/a><\/p>\n","protected":false},"author":1,"featured_media":8514,"comment_status":"open","ping_status":"open","sticky":false,"template":"","format":"standard","meta":{"_bbp_topic_count":0,"_bbp_reply_count":0,"_bbp_total_topic_count":0,"_bbp_total_reply_count":0,"_bbp_voice_count":0,"_bbp_anonymous_reply_count":0,"_bbp_topic_count_hidden":0,"_bbp_reply_count_hidden":0,"_bbp_forum_subforum_count":0,"footnotes":""},"categories":[1,4],"tags":[],"class_list":["post-8512","post","type-post","status-publish","format-standard","has-post-thumbnail","hentry","category-general","category-portada"],"post_mailing_queue_ids":[],"_links":{"self":[{"href":"https:\/\/agora.xtec.cat\/escolapablopicasso\/wp-json\/wp\/v2\/posts\/8512","targetHints":{"allow":["GET"]}}],"collection":[{"href":"https:\/\/agora.xtec.cat\/escolapablopicasso\/wp-json\/wp\/v2\/posts"}],"about":[{"href":"https:\/\/agora.xtec.cat\/escolapablopicasso\/wp-json\/wp\/v2\/types\/post"}],"author":[{"embeddable":true,"href":"https:\/\/agora.xtec.cat\/escolapablopicasso\/wp-json\/wp\/v2\/users\/1"}],"replies":[{"embeddable":true,"href":"https:\/\/agora.xtec.cat\/escolapablopicasso\/wp-json\/wp\/v2\/comments?post=8512"}],"version-history":[{"count":1,"href":"https:\/\/agora.xtec.cat\/escolapablopicasso\/wp-json\/wp\/v2\/posts\/8512\/revisions"}],"predecessor-version":[{"id":8515,"href":"https:\/\/agora.xtec.cat\/escolapablopicasso\/wp-json\/wp\/v2\/posts\/8512\/revisions\/8515"}],"wp:featuredmedia":[{"embeddable":true,"href":"https:\/\/agora.xtec.cat\/escolapablopicasso\/wp-json\/wp\/v2\/media\/8514"}],"wp:attachment":[{"href":"https:\/\/agora.xtec.cat\/escolapablopicasso\/wp-json\/wp\/v2\/media?parent=8512"}],"wp:term":[{"taxonomy":"category","embeddable":true,"href":"https:\/\/agora.xtec.cat\/escolapablopicasso\/wp-json\/wp\/v2\/categories?post=8512"},{"taxonomy":"post_tag","embeddable":true,"href":"https:\/\/agora.xtec.cat\/escolapablopicasso\/wp-json\/wp\/v2\/tags?post=8512"}],"curies":[{"name":"wp","href":"https:\/\/api.w.org\/{rel}","templated":true}]}}