{"id":8487,"date":"2025-09-10T21:40:48","date_gmt":"2025-09-10T19:40:48","guid":{"rendered":"https:\/\/agora.xtec.cat\/escolapablopicasso\/?p=8487"},"modified":"2025-09-11T22:09:11","modified_gmt":"2025-09-11T20:09:11","slug":"reunions-inici-de-curs-4","status":"publish","type":"post","link":"https:\/\/agora.xtec.cat\/escolapablopicasso\/general\/reunions-inici-de-curs-4\/","title":{"rendered":"REUNIONS INICI DE CURS"},"content":{"rendered":"<p>Fam\u00edlies del Picasso!!!\u00a0Us convidem a les diferents reunions d&#8217;Inici de curs.<\/p>\n<p>Aquestes trobades s\u00f3n una bona oportunitat per con\u00e8ixer les tutores, parlar sobre l&#8217;organitzaci\u00f3 del curs, les activitats previstes i resoldre qualsevol dubte que pugueu tenir.<\/p>\n<p>La vostra assist\u00e8ncia \u00e9s molt important per compartir plegats aquest inici de curs i construir un bon acompanyament per als vostres infants.<\/p>\n<p>A continuaci\u00f3 us adjuntem les dates de les reunions inicials de cada curs.<\/p>\n<p><a href=\"https:\/\/agora.xtec.cat\/escolapablopicasso\/wp-content\/uploads\/usu295\/2025\/09\/REUNIONS-INICI-DE-CURS.png\"><img loading=\"lazy\" decoding=\"async\" class=\"aligncenter size-full wp-image-8490\" src=\"https:\/\/agora.xtec.cat\/escolapablopicasso\/wp-content\/uploads\/usu295\/2025\/09\/REUNIONS-INICI-DE-CURS.png\" alt=\"\" width=\"1414\" height=\"2000\" srcset=\"https:\/\/agora.xtec.cat\/escolapablopicasso\/wp-content\/uploads\/usu295\/2025\/09\/REUNIONS-INICI-DE-CURS.png 1414w, https:\/\/agora.xtec.cat\/escolapablopicasso\/wp-content\/uploads\/usu295\/2025\/09\/REUNIONS-INICI-DE-CURS-212x300.png 212w, https:\/\/agora.xtec.cat\/escolapablopicasso\/wp-content\/uploads\/usu295\/2025\/09\/REUNIONS-INICI-DE-CURS-724x1024.png 724w, https:\/\/agora.xtec.cat\/escolapablopicasso\/wp-content\/uploads\/usu295\/2025\/09\/REUNIONS-INICI-DE-CURS-768x1086.png 768w, https:\/\/agora.xtec.cat\/escolapablopicasso\/wp-content\/uploads\/usu295\/2025\/09\/REUNIONS-INICI-DE-CURS-1086x1536.png 1086w\" sizes=\"auto, (max-width: 1414px) 100vw, 1414px\" \/><\/a><\/p>\n","protected":false},"excerpt":{"rendered":"<p>Fam\u00edlies del Picasso!!!\u00a0Us convidem a les diferents reunions d&#8217;Inici de curs.<br \/>\nAquestes trobades s\u00f3n una bona oportunitat per con\u00e8ixer les tutores, parlar sobre l&#8217;organitzaci\u00f3 del curs, les activitats previstes i resoldre qualsevol dubte que pugueu tenir.<br \/>\nLa vostra assist\u00e8ncia \u00e9s molt important per compartir plegats aquest inici&hellip;  <a href=\"https:\/\/agora.xtec.cat\/escolapablopicasso\/general\/reunions-inici-de-curs-4\/\" title=\"Read REUNIONS INICI DE CURS\">Llegeix m\u00e9s\u00bb<\/a><\/p>\n","protected":false},"author":1,"featured_media":0,"comment_status":"open","ping_status":"open","sticky":false,"template":"","format":"standard","meta":{"_bbp_topic_count":0,"_bbp_reply_count":0,"_bbp_total_topic_count":0,"_bbp_total_reply_count":0,"_bbp_voice_count":0,"_bbp_anonymous_reply_count":0,"_bbp_topic_count_hidden":0,"_bbp_reply_count_hidden":0,"_bbp_forum_subforum_count":0,"footnotes":""},"categories":[1,4],"tags":[],"class_list":["post-8487","post","type-post","status-publish","format-standard","hentry","category-general","category-portada"],"post_mailing_queue_ids":[],"_links":{"self":[{"href":"https:\/\/agora.xtec.cat\/escolapablopicasso\/wp-json\/wp\/v2\/posts\/8487","targetHints":{"allow":["GET"]}}],"collection":[{"href":"https:\/\/agora.xtec.cat\/escolapablopicasso\/wp-json\/wp\/v2\/posts"}],"about":[{"href":"https:\/\/agora.xtec.cat\/escolapablopicasso\/wp-json\/wp\/v2\/types\/post"}],"author":[{"embeddable":true,"href":"https:\/\/agora.xtec.cat\/escolapablopicasso\/wp-json\/wp\/v2\/users\/1"}],"replies":[{"embeddable":true,"href":"https:\/\/agora.xtec.cat\/escolapablopicasso\/wp-json\/wp\/v2\/comments?post=8487"}],"version-history":[{"count":1,"href":"https:\/\/agora.xtec.cat\/escolapablopicasso\/wp-json\/wp\/v2\/posts\/8487\/revisions"}],"predecessor-version":[{"id":8491,"href":"https:\/\/agora.xtec.cat\/escolapablopicasso\/wp-json\/wp\/v2\/posts\/8487\/revisions\/8491"}],"wp:attachment":[{"href":"https:\/\/agora.xtec.cat\/escolapablopicasso\/wp-json\/wp\/v2\/media?parent=8487"}],"wp:term":[{"taxonomy":"category","embeddable":true,"href":"https:\/\/agora.xtec.cat\/escolapablopicasso\/wp-json\/wp\/v2\/categories?post=8487"},{"taxonomy":"post_tag","embeddable":true,"href":"https:\/\/agora.xtec.cat\/escolapablopicasso\/wp-json\/wp\/v2\/tags?post=8487"}],"curies":[{"name":"wp","href":"https:\/\/api.w.org\/{rel}","templated":true}]}}