{"id":8448,"date":"2025-06-19T13:35:53","date_gmt":"2025-06-19T11:35:53","guid":{"rendered":"https:\/\/agora.xtec.cat\/escolapablopicasso\/?p=8448"},"modified":"2025-06-23T14:36:34","modified_gmt":"2025-06-23T12:36:34","slug":"concert-de-plaques-3","status":"publish","type":"post","link":"https:\/\/agora.xtec.cat\/escolapablopicasso\/general\/concert-de-plaques-3\/","title":{"rendered":"CONCERT DE PLAQUES"},"content":{"rendered":"<p>El passat dijous 19 de juny, tota l\u2019escola vam poder gaudir d\u2019un concert did\u00e0ctic de plaques.<\/p>\n<p>Infants de cicle inicial, cicle mitj\u00e0 i cicle superior ens van ensenyar el que havien apr\u00e8s durant les sessions dels tallers de m\u00fasica.<\/p>\n<p>Vam poder escoltar, entre d\u2019altres, \u201cFr\u00e8re Jacques&#8221;, &#8220;Aria Italiana&#8221; i &#8220;Despech\u00e1&#8221;<\/p>\n<p>A continuaci\u00f3 us adjuntem un v\u00eddeo del petit concert que vam fer al gimn\u00e0s de l\u2019escola.<\/p>\n<p><a href=\"https:\/\/drive.google.com\/file\/d\/1ZnJgjTwZVfybFU9V6Crf8TCgtERImQwU\/view?usp=sharing\"><img loading=\"lazy\" decoding=\"async\" class=\"aligncenter size-full wp-image-8449\" src=\"https:\/\/agora.xtec.cat\/escolapablopicasso\/wp-content\/uploads\/usu295\/2025\/06\/CONCERT-PLAQUES.png\" alt=\"\" width=\"787\" height=\"435\" srcset=\"https:\/\/agora.xtec.cat\/escolapablopicasso\/wp-content\/uploads\/usu295\/2025\/06\/CONCERT-PLAQUES.png 787w, https:\/\/agora.xtec.cat\/escolapablopicasso\/wp-content\/uploads\/usu295\/2025\/06\/CONCERT-PLAQUES-300x166.png 300w, https:\/\/agora.xtec.cat\/escolapablopicasso\/wp-content\/uploads\/usu295\/2025\/06\/CONCERT-PLAQUES-768x424.png 768w\" sizes=\"auto, (max-width: 787px) 100vw, 787px\" \/><\/a><\/p>\n","protected":false},"excerpt":{"rendered":"<p>El passat dijous 19 de juny, tota l\u2019escola vam poder gaudir d\u2019un concert did\u00e0ctic de plaques.<br \/>\nInfants de cicle inicial, cicle mitj\u00e0 i cicle superior ens van ensenyar el que havien apr\u00e8s durant les sessions dels tallers de m\u00fasica.<br \/>\nVam poder escoltar, entre d\u2019altres, \u201cFr\u00e8re Jacques&#8221;, &#8220;Aria&hellip;  <a href=\"https:\/\/agora.xtec.cat\/escolapablopicasso\/general\/concert-de-plaques-3\/\" title=\"Read CONCERT DE PLAQUES\">Llegeix m\u00e9s\u00bb<\/a><\/p>\n","protected":false},"author":1,"featured_media":0,"comment_status":"open","ping_status":"open","sticky":false,"template":"","format":"standard","meta":{"_bbp_topic_count":0,"_bbp_reply_count":0,"_bbp_total_topic_count":0,"_bbp_total_reply_count":0,"_bbp_voice_count":0,"_bbp_anonymous_reply_count":0,"_bbp_topic_count_hidden":0,"_bbp_reply_count_hidden":0,"_bbp_forum_subforum_count":0,"footnotes":""},"categories":[1,24,4],"tags":[],"class_list":["post-8448","post","type-post","status-publish","format-standard","hentry","category-general","category-musica","category-portada"],"post_mailing_queue_ids":[],"_links":{"self":[{"href":"https:\/\/agora.xtec.cat\/escolapablopicasso\/wp-json\/wp\/v2\/posts\/8448","targetHints":{"allow":["GET"]}}],"collection":[{"href":"https:\/\/agora.xtec.cat\/escolapablopicasso\/wp-json\/wp\/v2\/posts"}],"about":[{"href":"https:\/\/agora.xtec.cat\/escolapablopicasso\/wp-json\/wp\/v2\/types\/post"}],"author":[{"embeddable":true,"href":"https:\/\/agora.xtec.cat\/escolapablopicasso\/wp-json\/wp\/v2\/users\/1"}],"replies":[{"embeddable":true,"href":"https:\/\/agora.xtec.cat\/escolapablopicasso\/wp-json\/wp\/v2\/comments?post=8448"}],"version-history":[{"count":1,"href":"https:\/\/agora.xtec.cat\/escolapablopicasso\/wp-json\/wp\/v2\/posts\/8448\/revisions"}],"predecessor-version":[{"id":8450,"href":"https:\/\/agora.xtec.cat\/escolapablopicasso\/wp-json\/wp\/v2\/posts\/8448\/revisions\/8450"}],"wp:attachment":[{"href":"https:\/\/agora.xtec.cat\/escolapablopicasso\/wp-json\/wp\/v2\/media?parent=8448"}],"wp:term":[{"taxonomy":"category","embeddable":true,"href":"https:\/\/agora.xtec.cat\/escolapablopicasso\/wp-json\/wp\/v2\/categories?post=8448"},{"taxonomy":"post_tag","embeddable":true,"href":"https:\/\/agora.xtec.cat\/escolapablopicasso\/wp-json\/wp\/v2\/tags?post=8448"}],"curies":[{"name":"wp","href":"https:\/\/api.w.org\/{rel}","templated":true}]}}