{"id":8426,"date":"2025-06-01T15:53:27","date_gmt":"2025-06-01T13:53:27","guid":{"rendered":"https:\/\/agora.xtec.cat\/escolapablopicasso\/?p=8426"},"modified":"2025-06-09T16:09:05","modified_gmt":"2025-06-09T14:09:05","slug":"artista-del-mes-15","status":"publish","type":"post","link":"https:\/\/agora.xtec.cat\/escolapablopicasso\/general\/artista-del-mes-15\/","title":{"rendered":"ARTISTA DEL MES"},"content":{"rendered":"<p>I l&#8217;artista que ens acompanyar\u00e0 aquest mes de juny \u00e9s Rosal\u00eda.<\/p>\n<p><img loading=\"lazy\" decoding=\"async\" class=\"aligncenter\" src=\"https:\/\/hips.hearstapps.com\/hmg-prod\/images\/rosalia-performs-on-stage-during-the-motomami-tour-at-news-photo-1659339847.jpg\" alt=\"Razones por las que 'Motomami' de Rosal\u00eda es la gira del a\u00f1o\" width=\"375\" height=\"250\" \/><\/p>\n<p><b>Rosalia Vila i Tobella<\/b>, m\u00e9s coneguda pel\u00a0nom art\u00edstic\u00a0de\u00a0<b>Rosal\u00eda<\/b>\u00a0(Sant Esteve Sesrovires, <sup id=\"cite_ref-1\" class=\"reference\"><\/sup><sup id=\"cite_ref-2\" class=\"reference\"><\/sup><sup id=\"cite_ref-3\" class=\"reference\"><\/sup>25 de setembre\u00a0de\u00a01992), \u00e9s una\u00a0cantautora\u00a0i\u00a0actriu\u00a0catalana.<sup id=\"cite_ref-4\" class=\"reference\"><\/sup><\/p>\n<p>Rosal\u00eda mescla el flamenc tradicional amb la\u00a0cobla\u00a0i amb estils moderns com el\u00a0pop, el\u00a0trap,\u00a0hip-hop, la\u00a0m\u00fasica electr\u00f2nica\u00a0i la\u00a0m\u00fasica experimental,<sup id=\"cite_ref-126\" class=\"reference\"><\/sup>\u00a0i es pot categoritzar com a\u00a0nou flamenc, flamenc-pop, flamenc-trap,\u00a0pop experimental,\u00a0worldbeat\u00a0i\u00a0m\u00fasica electr\u00f2nica.<\/p>\n<p><img loading=\"lazy\" decoding=\"async\" class=\"aligncenter\" src=\"https:\/\/www.hoymagazine.es\/wp-content\/uploads\/2022\/07\/box970x0.png\" alt=\"Por qu\u00e9 los fans de Rosal\u00eda visten como una Motomami para sus conciertos? -  HoyMagazine\" width=\"471\" height=\"314\" \/><\/p>\n","protected":false},"excerpt":{"rendered":"<p>I l&#8217;artista que ens acompanyar\u00e0 aquest mes de juny \u00e9s Rosal\u00eda.<\/p>\n<p>Rosalia Vila i Tobella, m\u00e9s coneguda pel\u00a0nom art\u00edstic\u00a0de\u00a0Rosal\u00eda\u00a0(Sant Esteve Sesrovires, 25 de setembre\u00a0de\u00a01992), \u00e9s una\u00a0cantautora\u00a0i\u00a0actriu\u00a0catalana.<br \/>\nRosal\u00eda mescla el flamenc tradicional amb la\u00a0cobla\u00a0i amb estils moderns com el\u00a0pop, el\u00a0trap,\u00a0hip-hop, la\u00a0m\u00fasica electr\u00f2nica\u00a0i la\u00a0m\u00fasica experimental,\u00a0i es pot categoritzar com&hellip;  <a href=\"https:\/\/agora.xtec.cat\/escolapablopicasso\/general\/artista-del-mes-15\/\" title=\"Read ARTISTA DEL MES\">Llegeix m\u00e9s\u00bb<\/a><\/p>\n","protected":false},"author":1,"featured_media":0,"comment_status":"open","ping_status":"open","sticky":false,"template":"","format":"standard","meta":{"_bbp_topic_count":0,"_bbp_reply_count":0,"_bbp_total_topic_count":0,"_bbp_total_reply_count":0,"_bbp_voice_count":0,"_bbp_anonymous_reply_count":0,"_bbp_topic_count_hidden":0,"_bbp_reply_count_hidden":0,"_bbp_forum_subforum_count":0,"footnotes":""},"categories":[1,4],"tags":[],"class_list":["post-8426","post","type-post","status-publish","format-standard","hentry","category-general","category-portada"],"post_mailing_queue_ids":[],"_links":{"self":[{"href":"https:\/\/agora.xtec.cat\/escolapablopicasso\/wp-json\/wp\/v2\/posts\/8426","targetHints":{"allow":["GET"]}}],"collection":[{"href":"https:\/\/agora.xtec.cat\/escolapablopicasso\/wp-json\/wp\/v2\/posts"}],"about":[{"href":"https:\/\/agora.xtec.cat\/escolapablopicasso\/wp-json\/wp\/v2\/types\/post"}],"author":[{"embeddable":true,"href":"https:\/\/agora.xtec.cat\/escolapablopicasso\/wp-json\/wp\/v2\/users\/1"}],"replies":[{"embeddable":true,"href":"https:\/\/agora.xtec.cat\/escolapablopicasso\/wp-json\/wp\/v2\/comments?post=8426"}],"version-history":[{"count":2,"href":"https:\/\/agora.xtec.cat\/escolapablopicasso\/wp-json\/wp\/v2\/posts\/8426\/revisions"}],"predecessor-version":[{"id":8428,"href":"https:\/\/agora.xtec.cat\/escolapablopicasso\/wp-json\/wp\/v2\/posts\/8426\/revisions\/8428"}],"wp:attachment":[{"href":"https:\/\/agora.xtec.cat\/escolapablopicasso\/wp-json\/wp\/v2\/media?parent=8426"}],"wp:term":[{"taxonomy":"category","embeddable":true,"href":"https:\/\/agora.xtec.cat\/escolapablopicasso\/wp-json\/wp\/v2\/categories?post=8426"},{"taxonomy":"post_tag","embeddable":true,"href":"https:\/\/agora.xtec.cat\/escolapablopicasso\/wp-json\/wp\/v2\/tags?post=8426"}],"curies":[{"name":"wp","href":"https:\/\/api.w.org\/{rel}","templated":true}]}}