{"id":8398,"date":"2025-05-01T09:40:51","date_gmt":"2025-05-01T07:40:51","guid":{"rendered":"https:\/\/agora.xtec.cat\/escolapablopicasso\/?p=8398"},"modified":"2025-05-08T20:02:36","modified_gmt":"2025-05-08T18:02:36","slug":"artista-del-mes-14","status":"publish","type":"post","link":"https:\/\/agora.xtec.cat\/escolapablopicasso\/general\/artista-del-mes-14\/","title":{"rendered":"ARTISTA DEL MES"},"content":{"rendered":"<p>I aquest mes de maig ens inspirar\u00e0 Joan Mir\u00f3\u00a0i Ferr\u00e0 (Barcelona, 20 d&#8217;abril de 1893 &#8211; Palma, Mallorca, 25 de desembre de 1983)<\/p>\n<p><img loading=\"lazy\" decoding=\"async\" class=\"aligncenter\" src=\"https:\/\/www.debate.com.mx\/img\/2021\/09\/11\/241677519_125759339795251_4378386950778729322_n_crop1631374916213.jpg?__scale=w:1200,h:1200,t:2\" alt=\"Presentan exposici\u00f3n &quot;un viaje a trav\u00e9s de los sue\u00f1os&quot; de Joan Mir\u00f3\" width=\"287\" height=\"287\" \/><\/p>\n<p>Va ser un pintor, escultor, gravador i ceramista catal\u00e0, considerat un dels m\u00e0xims representants del surrealisme. En la seva obra va reflectir el seu inter\u00e8s pel subconscient i pel seu pa\u00eds.<\/p>\n<p>Les seves primeres obres mostren fortes influ\u00e8ncies fauvistes, cubistes i expressionistes evolucionant cap a una pintura m\u00e9s plana.<\/p>\n<p><img loading=\"lazy\" decoding=\"async\" class=\"aligncenter\" src=\"https:\/\/e6oe5g5k44d.exactdn.com\/wp-content\/uploads\/2022\/05\/signos_y_constelaciones_enamorados_de_una_mujer.jpg?strip=all&amp;lossy=1&amp;ssl=1\" alt=\"La on\u00edrica mirada de Joan Mir\u00f3 en sus obras surrealistas\" width=\"314\" height=\"381\" \/><\/p>\n<p>Un dels espais on millor es troba representada la seva obra \u00e9s la Fundaci\u00f3 Joan Mir\u00f3, fundada el 1975 i ubicada a Barcelona. Es tracta d&#8217;un centre cultural i art\u00edstic creat per difondre les noves tend\u00e8ncies de l&#8217;art contemporani, constituint-se amb un gran fons d&#8217;obres donades pel mateix autor.<\/p>\n<p><img loading=\"lazy\" decoding=\"async\" class=\"aligncenter\" src=\"https:\/\/cdn-patrimoni.atmosfera.net\/sites\/default\/files\/styles\/slideshows_fitxes\/public\/miro_sala.jpg?itok=IHC_KXBf\" alt=\"Fundaci\u00f3n Joan Mir\u00f3 | Patrimonio Cultural. Generalitat de Catalu\u00f1a.\" width=\"492\" height=\"209\" \/><\/p>\n","protected":false},"excerpt":{"rendered":"<p>I aquest mes de maig ens inspirar\u00e0 Joan Mir\u00f3\u00a0i Ferr\u00e0 (Barcelona, 20 d&#8217;abril de 1893 &#8211; Palma, Mallorca, 25 de desembre de 1983)<\/p>\n<p>Va ser un pintor, escultor, gravador i ceramista catal\u00e0, considerat un dels m\u00e0xims representants del surrealisme. En la seva obra va reflectir el&hellip;  <a href=\"https:\/\/agora.xtec.cat\/escolapablopicasso\/general\/artista-del-mes-14\/\" title=\"Read ARTISTA DEL MES\">Llegeix m\u00e9s\u00bb<\/a><\/p>\n","protected":false},"author":1,"featured_media":0,"comment_status":"open","ping_status":"closed","sticky":false,"template":"","format":"standard","meta":{"_bbp_topic_count":0,"_bbp_reply_count":0,"_bbp_total_topic_count":0,"_bbp_total_reply_count":0,"_bbp_voice_count":0,"_bbp_anonymous_reply_count":0,"_bbp_topic_count_hidden":0,"_bbp_reply_count_hidden":0,"_bbp_forum_subforum_count":0,"footnotes":""},"categories":[1,4],"tags":[],"class_list":["post-8398","post","type-post","status-publish","format-standard","hentry","category-general","category-portada"],"post_mailing_queue_ids":[],"_links":{"self":[{"href":"https:\/\/agora.xtec.cat\/escolapablopicasso\/wp-json\/wp\/v2\/posts\/8398","targetHints":{"allow":["GET"]}}],"collection":[{"href":"https:\/\/agora.xtec.cat\/escolapablopicasso\/wp-json\/wp\/v2\/posts"}],"about":[{"href":"https:\/\/agora.xtec.cat\/escolapablopicasso\/wp-json\/wp\/v2\/types\/post"}],"author":[{"embeddable":true,"href":"https:\/\/agora.xtec.cat\/escolapablopicasso\/wp-json\/wp\/v2\/users\/1"}],"replies":[{"embeddable":true,"href":"https:\/\/agora.xtec.cat\/escolapablopicasso\/wp-json\/wp\/v2\/comments?post=8398"}],"version-history":[{"count":3,"href":"https:\/\/agora.xtec.cat\/escolapablopicasso\/wp-json\/wp\/v2\/posts\/8398\/revisions"}],"predecessor-version":[{"id":8401,"href":"https:\/\/agora.xtec.cat\/escolapablopicasso\/wp-json\/wp\/v2\/posts\/8398\/revisions\/8401"}],"wp:attachment":[{"href":"https:\/\/agora.xtec.cat\/escolapablopicasso\/wp-json\/wp\/v2\/media?parent=8398"}],"wp:term":[{"taxonomy":"category","embeddable":true,"href":"https:\/\/agora.xtec.cat\/escolapablopicasso\/wp-json\/wp\/v2\/categories?post=8398"},{"taxonomy":"post_tag","embeddable":true,"href":"https:\/\/agora.xtec.cat\/escolapablopicasso\/wp-json\/wp\/v2\/tags?post=8398"}],"curies":[{"name":"wp","href":"https:\/\/api.w.org\/{rel}","templated":true}]}}