{"id":8365,"date":"2025-04-23T20:03:26","date_gmt":"2025-04-23T18:03:26","guid":{"rendered":"https:\/\/agora.xtec.cat\/escolapablopicasso\/?p=8365"},"modified":"2025-04-23T20:03:26","modified_gmt":"2025-04-23T18:03:26","slug":"festius-maig","status":"publish","type":"post","link":"https:\/\/agora.xtec.cat\/escolapablopicasso\/general\/festius-maig\/","title":{"rendered":"FESTIUS MAIG"},"content":{"rendered":"<p>El proper dijous dia <strong>1 de maig<\/strong> \u00e9s FESTIU i el divendres <strong>2 de maig<\/strong> \u00e9s DIA DE LLIURE DISPOSICI\u00d3 i l&#8217;escola romandr\u00e0 tancada.<\/p>\n<p>Ens tornem a trobar el dilluns 5 de maig.<\/p>\n<p><img loading=\"lazy\" decoding=\"async\" class=\"aligncenter\" src=\"https:\/\/cdn-icons-png.flaticon.com\/512\/2055\/2055646.png\" alt=\"Primavera - Iconos gratis de naturaleza\" width=\"512\" height=\"512\" \/><\/p>\n<p>Podeu consultar el calendari del curs 2014-25 <a href=\"https:\/\/agora.xtec.cat\/escolapablopicasso\/curs-24-25\/\">aqu\u00ed<\/a><\/p>\n","protected":false},"excerpt":{"rendered":"<p>El proper dijous dia 1 de maig \u00e9s FESTIU i el divendres 2 de maig \u00e9s DIA DE LLIURE DISPOSICI\u00d3 i l&#8217;escola romandr\u00e0 tancada.<br \/>\nEns tornem a trobar el dilluns 5 de maig.<\/p>\n<p>Podeu consultar el calendari del curs 2014-25 <a href=\"https:\/\/agora.xtec.cat\/escolapablopicasso\/curs-24-25\/\">aqu\u00ed<\/a><\/p>\n","protected":false},"author":1,"featured_media":0,"comment_status":"open","ping_status":"closed","sticky":false,"template":"","format":"standard","meta":{"_bbp_topic_count":0,"_bbp_reply_count":0,"_bbp_total_topic_count":0,"_bbp_total_reply_count":0,"_bbp_voice_count":0,"_bbp_anonymous_reply_count":0,"_bbp_topic_count_hidden":0,"_bbp_reply_count_hidden":0,"_bbp_forum_subforum_count":0,"footnotes":""},"categories":[1,4],"tags":[],"class_list":["post-8365","post","type-post","status-publish","format-standard","hentry","category-general","category-portada"],"post_mailing_queue_ids":[],"_links":{"self":[{"href":"https:\/\/agora.xtec.cat\/escolapablopicasso\/wp-json\/wp\/v2\/posts\/8365","targetHints":{"allow":["GET"]}}],"collection":[{"href":"https:\/\/agora.xtec.cat\/escolapablopicasso\/wp-json\/wp\/v2\/posts"}],"about":[{"href":"https:\/\/agora.xtec.cat\/escolapablopicasso\/wp-json\/wp\/v2\/types\/post"}],"author":[{"embeddable":true,"href":"https:\/\/agora.xtec.cat\/escolapablopicasso\/wp-json\/wp\/v2\/users\/1"}],"replies":[{"embeddable":true,"href":"https:\/\/agora.xtec.cat\/escolapablopicasso\/wp-json\/wp\/v2\/comments?post=8365"}],"version-history":[{"count":1,"href":"https:\/\/agora.xtec.cat\/escolapablopicasso\/wp-json\/wp\/v2\/posts\/8365\/revisions"}],"predecessor-version":[{"id":8366,"href":"https:\/\/agora.xtec.cat\/escolapablopicasso\/wp-json\/wp\/v2\/posts\/8365\/revisions\/8366"}],"wp:attachment":[{"href":"https:\/\/agora.xtec.cat\/escolapablopicasso\/wp-json\/wp\/v2\/media?parent=8365"}],"wp:term":[{"taxonomy":"category","embeddable":true,"href":"https:\/\/agora.xtec.cat\/escolapablopicasso\/wp-json\/wp\/v2\/categories?post=8365"},{"taxonomy":"post_tag","embeddable":true,"href":"https:\/\/agora.xtec.cat\/escolapablopicasso\/wp-json\/wp\/v2\/tags?post=8365"}],"curies":[{"name":"wp","href":"https:\/\/api.w.org\/{rel}","templated":true}]}}