{"id":8356,"date":"2025-04-11T18:00:57","date_gmt":"2025-04-11T16:00:57","guid":{"rendered":"https:\/\/agora.xtec.cat\/escolapablopicasso\/?p=8356"},"modified":"2025-06-23T12:07:22","modified_gmt":"2025-06-23T10:07:22","slug":"100-anys-de-radio","status":"publish","type":"post","link":"https:\/\/agora.xtec.cat\/escolapablopicasso\/general\/100-anys-de-radio\/","title":{"rendered":"100 ANYS DE R\u00c0DIO"},"content":{"rendered":"<p>El passat 11 d&#8217;abril vam celebrar els 100 anys de la r\u00e0dio amb un gran festival de danses.<\/p>\n<p>Amb una presentaci\u00f3 de luxe, vam anar passant per diferents emissores de r\u00e0dio i vam descobrir diferents estils de m\u00fasica: rock, dance, pop&#8230;<\/p>\n<p>Aqu\u00ed podeu veure i tornar a gaudir de tots els balls, des d&#8217;I3 fins a 6\u00e8.<\/p>\n<p>(cliqueu la imatge)<\/p>\n<p><a href=\"https:\/\/drive.google.com\/file\/d\/1xxwq_62wHH94bF_f5YUR312NsGG60vya\/view?usp=drive_link\"><img loading=\"lazy\" decoding=\"async\" class=\"aligncenter wp-image-8357 size-full\" src=\"https:\/\/agora.xtec.cat\/escolapablopicasso\/wp-content\/uploads\/usu295\/2025\/04\/100-anys-de-radio.png\" alt=\"\" width=\"820\" height=\"451\" srcset=\"https:\/\/agora.xtec.cat\/escolapablopicasso\/wp-content\/uploads\/usu295\/2025\/04\/100-anys-de-radio.png 820w, https:\/\/agora.xtec.cat\/escolapablopicasso\/wp-content\/uploads\/usu295\/2025\/04\/100-anys-de-radio-300x165.png 300w, https:\/\/agora.xtec.cat\/escolapablopicasso\/wp-content\/uploads\/usu295\/2025\/04\/100-anys-de-radio-768x422.png 768w\" sizes=\"auto, (max-width: 820px) 100vw, 820px\" \/><\/a><\/p>\n<p>Amb aquesta marxa ens acomiadem del 2n trimestre.<\/p>\n<p>Recordeu que l&#8217;escola romandr\u00e0 tancada del 14 al 21 d&#8217;abril. Ens tornem a trobar el dimarts 22 d&#8217;abril!!!<\/p>\n<p>&nbsp;<\/p>\n","protected":false},"excerpt":{"rendered":"<p>El passat 11 d&#8217;abril vam celebrar els 100 anys de la r\u00e0dio amb un gran festival de danses.<br \/>\nAmb una presentaci\u00f3 de luxe, vam anar passant per diferents emissores de r\u00e0dio i vam descobrir diferents estils de m\u00fasica: rock, dance, pop&#8230;<br \/>\nAqu\u00ed podeu veure i tornar a&hellip;  <a href=\"https:\/\/agora.xtec.cat\/escolapablopicasso\/general\/100-anys-de-radio\/\" title=\"Read 100 ANYS DE R\u00c0DIO\">Llegeix m\u00e9s\u00bb<\/a><\/p>\n","protected":false},"author":1,"featured_media":0,"comment_status":"open","ping_status":"closed","sticky":false,"template":"","format":"standard","meta":{"_bbp_topic_count":0,"_bbp_reply_count":0,"_bbp_total_topic_count":0,"_bbp_total_reply_count":0,"_bbp_voice_count":0,"_bbp_anonymous_reply_count":0,"_bbp_topic_count_hidden":0,"_bbp_reply_count_hidden":0,"_bbp_forum_subforum_count":0,"footnotes":""},"categories":[27,23,1,24,4],"tags":[],"class_list":["post-8356","post","type-post","status-publish","format-standard","hentry","category-ed-fisica","category-nadal","category-general","category-musica","category-portada"],"post_mailing_queue_ids":[],"_links":{"self":[{"href":"https:\/\/agora.xtec.cat\/escolapablopicasso\/wp-json\/wp\/v2\/posts\/8356","targetHints":{"allow":["GET"]}}],"collection":[{"href":"https:\/\/agora.xtec.cat\/escolapablopicasso\/wp-json\/wp\/v2\/posts"}],"about":[{"href":"https:\/\/agora.xtec.cat\/escolapablopicasso\/wp-json\/wp\/v2\/types\/post"}],"author":[{"embeddable":true,"href":"https:\/\/agora.xtec.cat\/escolapablopicasso\/wp-json\/wp\/v2\/users\/1"}],"replies":[{"embeddable":true,"href":"https:\/\/agora.xtec.cat\/escolapablopicasso\/wp-json\/wp\/v2\/comments?post=8356"}],"version-history":[{"count":5,"href":"https:\/\/agora.xtec.cat\/escolapablopicasso\/wp-json\/wp\/v2\/posts\/8356\/revisions"}],"predecessor-version":[{"id":8443,"href":"https:\/\/agora.xtec.cat\/escolapablopicasso\/wp-json\/wp\/v2\/posts\/8356\/revisions\/8443"}],"wp:attachment":[{"href":"https:\/\/agora.xtec.cat\/escolapablopicasso\/wp-json\/wp\/v2\/media?parent=8356"}],"wp:term":[{"taxonomy":"category","embeddable":true,"href":"https:\/\/agora.xtec.cat\/escolapablopicasso\/wp-json\/wp\/v2\/categories?post=8356"},{"taxonomy":"post_tag","embeddable":true,"href":"https:\/\/agora.xtec.cat\/escolapablopicasso\/wp-json\/wp\/v2\/tags?post=8356"}],"curies":[{"name":"wp","href":"https:\/\/api.w.org\/{rel}","templated":true}]}}