{"id":8344,"date":"2025-03-31T12:51:09","date_gmt":"2025-03-31T10:51:09","guid":{"rendered":"https:\/\/agora.xtec.cat\/escolapablopicasso\/?p=8344"},"modified":"2025-03-31T13:06:12","modified_gmt":"2025-03-31T11:06:12","slug":"festival-de-danses","status":"publish","type":"post","link":"https:\/\/agora.xtec.cat\/escolapablopicasso\/general\/festival-de-danses\/","title":{"rendered":"FESTIVAL DE DANSES"},"content":{"rendered":"<p>Fam\u00edlies picassianes!!<\/p>\n<p>El proper divendres 11 d&#8217;abril us convidem a les 9&#8217;30h a gaudir del &#8220;Festival de danses&#8221; per acomiadar-nos del segon trimestre amb m\u00fasica i molta alegria.<\/p>\n<p>Aquest curs la tem\u00e0tica de les danses \u00e9s &#8220;Hist\u00f2ria de la r\u00e0dio&#8221; i la presentaci\u00f3 ser\u00e0 molt especial&#8230;<\/p>\n<p>Us hi esperem!!!<\/p>\n<p><a href=\"https:\/\/agora.xtec.cat\/escolapablopicasso\/wp-content\/uploads\/usu295\/2025\/03\/danses.png\"><img loading=\"lazy\" decoding=\"async\" class=\"aligncenter size-full wp-image-8345\" src=\"https:\/\/agora.xtec.cat\/escolapablopicasso\/wp-content\/uploads\/usu295\/2025\/03\/danses.png\" alt=\"\" width=\"703\" height=\"707\" srcset=\"https:\/\/agora.xtec.cat\/escolapablopicasso\/wp-content\/uploads\/usu295\/2025\/03\/danses.png 703w, https:\/\/agora.xtec.cat\/escolapablopicasso\/wp-content\/uploads\/usu295\/2025\/03\/danses-298x300.png 298w, https:\/\/agora.xtec.cat\/escolapablopicasso\/wp-content\/uploads\/usu295\/2025\/03\/danses-150x150.png 150w\" sizes=\"auto, (max-width: 703px) 100vw, 703px\" \/><\/a><\/p>\n","protected":false},"excerpt":{"rendered":"<p>Fam\u00edlies picassianes!!<br \/>\nEl proper divendres 11 d&#8217;abril us convidem a les 9&#8217;30h a gaudir del &#8220;Festival de danses&#8221; per acomiadar-nos del segon trimestre amb m\u00fasica i molta alegria.<br \/>\nAquest curs la tem\u00e0tica de les danses \u00e9s &#8220;Hist\u00f2ria de la r\u00e0dio&#8221; i la presentaci\u00f3 ser\u00e0 molt especial&#8230;<br \/>\nUs hi&hellip;  <a href=\"https:\/\/agora.xtec.cat\/escolapablopicasso\/general\/festival-de-danses\/\" title=\"Read FESTIVAL DE DANSES\">Llegeix m\u00e9s\u00bb<\/a><\/p>\n","protected":false},"author":1,"featured_media":0,"comment_status":"open","ping_status":"closed","sticky":false,"template":"","format":"standard","meta":{"_bbp_topic_count":0,"_bbp_reply_count":0,"_bbp_total_topic_count":0,"_bbp_total_reply_count":0,"_bbp_voice_count":0,"_bbp_anonymous_reply_count":0,"_bbp_topic_count_hidden":0,"_bbp_reply_count_hidden":0,"_bbp_forum_subforum_count":0,"footnotes":""},"categories":[27,23,1,24,4],"tags":[],"class_list":["post-8344","post","type-post","status-publish","format-standard","hentry","category-ed-fisica","category-nadal","category-general","category-musica","category-portada"],"post_mailing_queue_ids":[],"_links":{"self":[{"href":"https:\/\/agora.xtec.cat\/escolapablopicasso\/wp-json\/wp\/v2\/posts\/8344","targetHints":{"allow":["GET"]}}],"collection":[{"href":"https:\/\/agora.xtec.cat\/escolapablopicasso\/wp-json\/wp\/v2\/posts"}],"about":[{"href":"https:\/\/agora.xtec.cat\/escolapablopicasso\/wp-json\/wp\/v2\/types\/post"}],"author":[{"embeddable":true,"href":"https:\/\/agora.xtec.cat\/escolapablopicasso\/wp-json\/wp\/v2\/users\/1"}],"replies":[{"embeddable":true,"href":"https:\/\/agora.xtec.cat\/escolapablopicasso\/wp-json\/wp\/v2\/comments?post=8344"}],"version-history":[{"count":1,"href":"https:\/\/agora.xtec.cat\/escolapablopicasso\/wp-json\/wp\/v2\/posts\/8344\/revisions"}],"predecessor-version":[{"id":8346,"href":"https:\/\/agora.xtec.cat\/escolapablopicasso\/wp-json\/wp\/v2\/posts\/8344\/revisions\/8346"}],"wp:attachment":[{"href":"https:\/\/agora.xtec.cat\/escolapablopicasso\/wp-json\/wp\/v2\/media?parent=8344"}],"wp:term":[{"taxonomy":"category","embeddable":true,"href":"https:\/\/agora.xtec.cat\/escolapablopicasso\/wp-json\/wp\/v2\/categories?post=8344"},{"taxonomy":"post_tag","embeddable":true,"href":"https:\/\/agora.xtec.cat\/escolapablopicasso\/wp-json\/wp\/v2\/tags?post=8344"}],"curies":[{"name":"wp","href":"https:\/\/api.w.org\/{rel}","templated":true}]}}