{"id":8325,"date":"2025-03-25T19:45:48","date_gmt":"2025-03-25T18:45:48","guid":{"rendered":"https:\/\/agora.xtec.cat\/escolapablopicasso\/?p=8325"},"modified":"2025-03-25T19:45:48","modified_gmt":"2025-03-25T18:45:48","slug":"xxi-certamen-lectura-en-veu-alta","status":"publish","type":"post","link":"https:\/\/agora.xtec.cat\/escolapablopicasso\/general\/xxi-certamen-lectura-en-veu-alta\/","title":{"rendered":"XXI CERTAMEN LECTURA EN VEU ALTA"},"content":{"rendered":"<p>Aquesta setmana, la nostra escola ha assistit al &#8220;XXI CERTAMEN DE LECTURA EN VEU ALTA&#8221;<\/p>\n<p>El Certamen Nacional Infantil i Juvenil de Lectura en Veu Alta \u00e9s una iniciativa de la\u00a0Fundaci\u00f3 Enciclop\u00e8dia Catalana, l\u2019entitat cultural que encap\u00e7ala el Grup format per diferents empreses editorials, centrat en el coneixement, l\u2019edici\u00f3, l\u2019educaci\u00f3 i la distribuci\u00f3, i que t\u00e9 com a missi\u00f3 el foment de la llengua i la cultura catalanes.<\/p>\n<p>El nostre centre ha rebut aquest diploma amb el reconeixement al comprom\u00eds per fomentar la lectura i per la seva participaci\u00f3.<\/p>\n<p><a href=\"https:\/\/agora.xtec.cat\/escolapablopicasso\/wp-content\/uploads\/usu295\/2025\/03\/diploma.png\"><img loading=\"lazy\" decoding=\"async\" class=\"aligncenter size-full wp-image-8326\" src=\"https:\/\/agora.xtec.cat\/escolapablopicasso\/wp-content\/uploads\/usu295\/2025\/03\/diploma.png\" alt=\"\" width=\"873\" height=\"612\" srcset=\"https:\/\/agora.xtec.cat\/escolapablopicasso\/wp-content\/uploads\/usu295\/2025\/03\/diploma.png 873w, https:\/\/agora.xtec.cat\/escolapablopicasso\/wp-content\/uploads\/usu295\/2025\/03\/diploma-300x210.png 300w, https:\/\/agora.xtec.cat\/escolapablopicasso\/wp-content\/uploads\/usu295\/2025\/03\/diploma-768x538.png 768w\" sizes=\"auto, (max-width: 873px) 100vw, 873px\" \/><\/a><\/p>\n","protected":false},"excerpt":{"rendered":"<p>Aquesta setmana, la nostra escola ha assistit al &#8220;XXI CERTAMEN DE LECTURA EN VEU ALTA&#8221;<br \/>\nEl Certamen Nacional Infantil i Juvenil de Lectura en Veu Alta \u00e9s una iniciativa de la\u00a0Fundaci\u00f3 Enciclop\u00e8dia Catalana, l\u2019entitat cultural que encap\u00e7ala el Grup format per diferents empreses editorials, centrat en&hellip;  <a href=\"https:\/\/agora.xtec.cat\/escolapablopicasso\/general\/xxi-certamen-lectura-en-veu-alta\/\" title=\"Read XXI CERTAMEN LECTURA EN VEU ALTA\">Llegeix m\u00e9s\u00bb<\/a><\/p>\n","protected":false},"author":1,"featured_media":0,"comment_status":"open","ping_status":"closed","sticky":false,"template":"","format":"standard","meta":{"_bbp_topic_count":0,"_bbp_reply_count":0,"_bbp_total_topic_count":0,"_bbp_total_reply_count":0,"_bbp_voice_count":0,"_bbp_anonymous_reply_count":0,"_bbp_topic_count_hidden":0,"_bbp_reply_count_hidden":0,"_bbp_forum_subforum_count":0,"footnotes":""},"categories":[1,4],"tags":[],"class_list":["post-8325","post","type-post","status-publish","format-standard","hentry","category-general","category-portada"],"post_mailing_queue_ids":[],"_links":{"self":[{"href":"https:\/\/agora.xtec.cat\/escolapablopicasso\/wp-json\/wp\/v2\/posts\/8325","targetHints":{"allow":["GET"]}}],"collection":[{"href":"https:\/\/agora.xtec.cat\/escolapablopicasso\/wp-json\/wp\/v2\/posts"}],"about":[{"href":"https:\/\/agora.xtec.cat\/escolapablopicasso\/wp-json\/wp\/v2\/types\/post"}],"author":[{"embeddable":true,"href":"https:\/\/agora.xtec.cat\/escolapablopicasso\/wp-json\/wp\/v2\/users\/1"}],"replies":[{"embeddable":true,"href":"https:\/\/agora.xtec.cat\/escolapablopicasso\/wp-json\/wp\/v2\/comments?post=8325"}],"version-history":[{"count":1,"href":"https:\/\/agora.xtec.cat\/escolapablopicasso\/wp-json\/wp\/v2\/posts\/8325\/revisions"}],"predecessor-version":[{"id":8327,"href":"https:\/\/agora.xtec.cat\/escolapablopicasso\/wp-json\/wp\/v2\/posts\/8325\/revisions\/8327"}],"wp:attachment":[{"href":"https:\/\/agora.xtec.cat\/escolapablopicasso\/wp-json\/wp\/v2\/media?parent=8325"}],"wp:term":[{"taxonomy":"category","embeddable":true,"href":"https:\/\/agora.xtec.cat\/escolapablopicasso\/wp-json\/wp\/v2\/categories?post=8325"},{"taxonomy":"post_tag","embeddable":true,"href":"https:\/\/agora.xtec.cat\/escolapablopicasso\/wp-json\/wp\/v2\/tags?post=8325"}],"curies":[{"name":"wp","href":"https:\/\/api.w.org\/{rel}","templated":true}]}}