{"id":8288,"date":"2025-02-24T10:14:55","date_gmt":"2025-02-24T09:14:55","guid":{"rendered":"https:\/\/agora.xtec.cat\/escolapablopicasso\/?p=8288"},"modified":"2025-03-03T20:11:57","modified_gmt":"2025-03-03T19:11:57","slug":"lescola-es-converteix-en-un-museu-5","status":"publish","type":"post","link":"https:\/\/agora.xtec.cat\/escolapablopicasso\/general\/lescola-es-converteix-en-un-museu-5\/","title":{"rendered":"L&#8217;ESCOLA ES CONVERTEIX EN UN MUSEU"},"content":{"rendered":"<p>Recordeu que aquest dijous 27 de febrer a les 12&#8217;35h i a les 16&#8217;35h<span style=\"font-family: inherit; font-size: 1em;\">\u00a0podeu visitar l&#8217;exposici\u00f3:<\/span><\/p>\n<p style=\"text-align: center;\"><strong> &#8220;L&#8217;ESCOLA ES CONVERTEIX EN UN MUSEU&#8221;\u00a0<\/strong><\/p>\n<p>Si no podeu assistir a l&#8217;exposici\u00f3 d&#8217;aquest dijous, cliqueu la imatge que trobareu a continuaci\u00f3 per poder veure un v\u00eddeo amb totes les nostres obres i altres exposicions interessants de la Setmana de la Ci\u00e8ncia:<\/p>\n<p><a href=\"https:\/\/drive.google.com\/file\/d\/1jX6S5o3paBzhxZoyZ3JWHWRCCPqNPtMD\/view?usp=sharing\"><img loading=\"lazy\" decoding=\"async\" class=\"aligncenter wp-image-8289 size-full\" src=\"https:\/\/agora.xtec.cat\/escolapablopicasso\/wp-content\/uploads\/usu295\/2025\/02\/lescola-es-converteix-en-un-museu.png\" alt=\"\" width=\"1024\" height=\"768\" srcset=\"https:\/\/agora.xtec.cat\/escolapablopicasso\/wp-content\/uploads\/usu295\/2025\/02\/lescola-es-converteix-en-un-museu.png 1024w, https:\/\/agora.xtec.cat\/escolapablopicasso\/wp-content\/uploads\/usu295\/2025\/02\/lescola-es-converteix-en-un-museu-300x225.png 300w, https:\/\/agora.xtec.cat\/escolapablopicasso\/wp-content\/uploads\/usu295\/2025\/02\/lescola-es-converteix-en-un-museu-768x576.png 768w, https:\/\/agora.xtec.cat\/escolapablopicasso\/wp-content\/uploads\/usu295\/2025\/02\/lescola-es-converteix-en-un-museu-200x150.png 200w\" sizes=\"auto, (max-width: 1024px) 100vw, 1024px\" \/><\/a><\/p>\n","protected":false},"excerpt":{"rendered":"<p>Recordeu que aquest dijous 27 de febrer a les 12&#8217;35h i a les 16&#8217;35h\u00a0podeu visitar l&#8217;exposici\u00f3:<br \/>\n &#8220;L&#8217;ESCOLA ES CONVERTEIX EN UN MUSEU&#8221;\u00a0<br \/>\nSi no podeu assistir a l&#8217;exposici\u00f3 d&#8217;aquest dijous, cliqueu la imatge que trobareu a continuaci\u00f3 per poder veure un v\u00eddeo amb totes les nostres&hellip;  <a href=\"https:\/\/agora.xtec.cat\/escolapablopicasso\/general\/lescola-es-converteix-en-un-museu-5\/\" title=\"Read L&#8217;ESCOLA ES CONVERTEIX EN UN MUSEU\">Llegeix m\u00e9s\u00bb<\/a><\/p>\n","protected":false},"author":1,"featured_media":0,"comment_status":"open","ping_status":"closed","sticky":false,"template":"","format":"standard","meta":{"_bbp_topic_count":0,"_bbp_reply_count":0,"_bbp_total_topic_count":0,"_bbp_total_reply_count":0,"_bbp_voice_count":0,"_bbp_anonymous_reply_count":0,"_bbp_topic_count_hidden":0,"_bbp_reply_count_hidden":0,"_bbp_forum_subforum_count":0,"footnotes":""},"categories":[1,4],"tags":[],"class_list":["post-8288","post","type-post","status-publish","format-standard","hentry","category-general","category-portada"],"post_mailing_queue_ids":[],"_links":{"self":[{"href":"https:\/\/agora.xtec.cat\/escolapablopicasso\/wp-json\/wp\/v2\/posts\/8288","targetHints":{"allow":["GET"]}}],"collection":[{"href":"https:\/\/agora.xtec.cat\/escolapablopicasso\/wp-json\/wp\/v2\/posts"}],"about":[{"href":"https:\/\/agora.xtec.cat\/escolapablopicasso\/wp-json\/wp\/v2\/types\/post"}],"author":[{"embeddable":true,"href":"https:\/\/agora.xtec.cat\/escolapablopicasso\/wp-json\/wp\/v2\/users\/1"}],"replies":[{"embeddable":true,"href":"https:\/\/agora.xtec.cat\/escolapablopicasso\/wp-json\/wp\/v2\/comments?post=8288"}],"version-history":[{"count":4,"href":"https:\/\/agora.xtec.cat\/escolapablopicasso\/wp-json\/wp\/v2\/posts\/8288\/revisions"}],"predecessor-version":[{"id":8299,"href":"https:\/\/agora.xtec.cat\/escolapablopicasso\/wp-json\/wp\/v2\/posts\/8288\/revisions\/8299"}],"wp:attachment":[{"href":"https:\/\/agora.xtec.cat\/escolapablopicasso\/wp-json\/wp\/v2\/media?parent=8288"}],"wp:term":[{"taxonomy":"category","embeddable":true,"href":"https:\/\/agora.xtec.cat\/escolapablopicasso\/wp-json\/wp\/v2\/categories?post=8288"},{"taxonomy":"post_tag","embeddable":true,"href":"https:\/\/agora.xtec.cat\/escolapablopicasso\/wp-json\/wp\/v2\/tags?post=8288"}],"curies":[{"name":"wp","href":"https:\/\/api.w.org\/{rel}","templated":true}]}}