{"id":8279,"date":"2025-02-14T14:00:02","date_gmt":"2025-02-14T13:00:02","guid":{"rendered":"https:\/\/agora.xtec.cat\/escolapablopicasso\/?p=8279"},"modified":"2025-02-14T14:00:02","modified_gmt":"2025-02-14T13:00:02","slug":"carnestoltes-2025","status":"publish","type":"post","link":"https:\/\/agora.xtec.cat\/escolapablopicasso\/general\/carnestoltes-2025\/","title":{"rendered":"CARNESTOLTES 2025"},"content":{"rendered":"<p>Ja queda molt poquet per carnaval, i com sempre, arriben les consignes de Carnestoltes.<\/p>\n<p>Les haureu de seguir del dilluns 24 al divendres 28 de febrer.<\/p>\n<p>Aquest any, en col\u00b7laboraci\u00f3 amb l&#8217;escola, us enviem les consignes en algunes de les diferents lleng\u00fces que tenim entre els alumnes del Picasso, per aix\u00f2 veureu que hi ha m\u00e9s d&#8217;un cartell en diferents idiomes (cliqueu la imatge)<\/p>\n<p>Esperem que us agradi i gaudiu d&#8217;una setmana ben divertida, que finalitzarem divendres amb una XOCOLATADA de 15:15 a 16:30 a c\u00e0rrec de l&#8217;AFA per a tots el infants.<\/p>\n<p><a href=\"https:\/\/drive.google.com\/file\/d\/1T54MzLccERdUsoBPO_3WyDl6glTT3yuw\/view?usp=sharing\"><img loading=\"lazy\" decoding=\"async\" class=\"aligncenter size-full wp-image-8282\" src=\"https:\/\/agora.xtec.cat\/escolapablopicasso\/wp-content\/uploads\/usu295\/2025\/02\/CARNESTOLTES-2025.png\" alt=\"\" width=\"531\" height=\"745\" srcset=\"https:\/\/agora.xtec.cat\/escolapablopicasso\/wp-content\/uploads\/usu295\/2025\/02\/CARNESTOLTES-2025.png 531w, https:\/\/agora.xtec.cat\/escolapablopicasso\/wp-content\/uploads\/usu295\/2025\/02\/CARNESTOLTES-2025-214x300.png 214w\" sizes=\"auto, (max-width: 531px) 100vw, 531px\" \/><\/a><\/p>\n","protected":false},"excerpt":{"rendered":"<p>Ja queda molt poquet per carnaval, i com sempre, arriben les consignes de Carnestoltes.<br \/>\nLes haureu de seguir del dilluns 24 al divendres 28 de febrer.<br \/>\nAquest any, en col\u00b7laboraci\u00f3 amb l&#8217;escola, us enviem les consignes en algunes de les diferents lleng\u00fces que tenim entre els alumnes&hellip;  <a href=\"https:\/\/agora.xtec.cat\/escolapablopicasso\/general\/carnestoltes-2025\/\" title=\"Read CARNESTOLTES 2025\">Llegeix m\u00e9s\u00bb<\/a><\/p>\n","protected":false},"author":1,"featured_media":0,"comment_status":"open","ping_status":"closed","sticky":false,"template":"","format":"standard","meta":{"_bbp_topic_count":0,"_bbp_reply_count":0,"_bbp_total_topic_count":0,"_bbp_total_reply_count":0,"_bbp_voice_count":0,"_bbp_anonymous_reply_count":0,"_bbp_topic_count_hidden":0,"_bbp_reply_count_hidden":0,"_bbp_forum_subforum_count":0,"footnotes":""},"categories":[7,23,1,4],"tags":[],"class_list":["post-8279","post","type-post","status-publish","format-standard","hentry","category-ampa","category-nadal","category-general","category-portada"],"post_mailing_queue_ids":[],"_links":{"self":[{"href":"https:\/\/agora.xtec.cat\/escolapablopicasso\/wp-json\/wp\/v2\/posts\/8279","targetHints":{"allow":["GET"]}}],"collection":[{"href":"https:\/\/agora.xtec.cat\/escolapablopicasso\/wp-json\/wp\/v2\/posts"}],"about":[{"href":"https:\/\/agora.xtec.cat\/escolapablopicasso\/wp-json\/wp\/v2\/types\/post"}],"author":[{"embeddable":true,"href":"https:\/\/agora.xtec.cat\/escolapablopicasso\/wp-json\/wp\/v2\/users\/1"}],"replies":[{"embeddable":true,"href":"https:\/\/agora.xtec.cat\/escolapablopicasso\/wp-json\/wp\/v2\/comments?post=8279"}],"version-history":[{"count":1,"href":"https:\/\/agora.xtec.cat\/escolapablopicasso\/wp-json\/wp\/v2\/posts\/8279\/revisions"}],"predecessor-version":[{"id":8283,"href":"https:\/\/agora.xtec.cat\/escolapablopicasso\/wp-json\/wp\/v2\/posts\/8279\/revisions\/8283"}],"wp:attachment":[{"href":"https:\/\/agora.xtec.cat\/escolapablopicasso\/wp-json\/wp\/v2\/media?parent=8279"}],"wp:term":[{"taxonomy":"category","embeddable":true,"href":"https:\/\/agora.xtec.cat\/escolapablopicasso\/wp-json\/wp\/v2\/categories?post=8279"},{"taxonomy":"post_tag","embeddable":true,"href":"https:\/\/agora.xtec.cat\/escolapablopicasso\/wp-json\/wp\/v2\/tags?post=8279"}],"curies":[{"name":"wp","href":"https:\/\/api.w.org\/{rel}","templated":true}]}}