{"id":8219,"date":"2025-02-03T09:00:43","date_gmt":"2025-02-03T08:00:43","guid":{"rendered":"https:\/\/agora.xtec.cat\/escolapablopicasso\/?p=8219"},"modified":"2025-02-03T17:10:28","modified_gmt":"2025-02-03T16:10:28","slug":"portes-obertes-2025","status":"publish","type":"post","link":"https:\/\/agora.xtec.cat\/escolapablopicasso\/general\/portes-obertes-2025\/","title":{"rendered":"PORTES OBERTES 2025"},"content":{"rendered":"<p>A continuaci\u00f3 trobareu les dates de les Portes Obertes de totes les escoles de Barber\u00e0 del Vall\u00e8s aix\u00ed com les seves p\u00e0gines web on podreu accedir als formularis d\u2019inscripci\u00f3 (cliqueu les imatges per accedir al cartell):<\/p>\n<p><a href=\"https:\/\/drive.google.com\/file\/d\/1_fhmN9k8vHCyKvMhlMw7dEN3-DzGRNSI\/view?usp=sharing\"><img loading=\"lazy\" decoding=\"async\" class=\"aligncenter wp-image-8221 size-medium\" src=\"https:\/\/agora.xtec.cat\/escolapablopicasso\/wp-content\/uploads\/usu295\/2025\/02\/portesobertes2025-208x300.png\" alt=\"\" width=\"208\" height=\"300\" srcset=\"https:\/\/agora.xtec.cat\/escolapablopicasso\/wp-content\/uploads\/usu295\/2025\/02\/portesobertes2025-208x300.png 208w, https:\/\/agora.xtec.cat\/escolapablopicasso\/wp-content\/uploads\/usu295\/2025\/02\/portesobertes2025.png 602w\" sizes=\"auto, (max-width: 208px) 100vw, 208px\" \/><\/a><\/p>\n<p>I aqu\u00ed les portes obertes dels instituts de secund\u00e0ria:<\/p>\n<p><a href=\"https:\/\/drive.google.com\/file\/d\/1l11HvHwktwLZBP4WjPaiOrRqLmlbas7x\/view?usp=sharing\"><img loading=\"lazy\" decoding=\"async\" class=\"aligncenter wp-image-8223 size-medium\" src=\"https:\/\/agora.xtec.cat\/escolapablopicasso\/wp-content\/uploads\/usu295\/2025\/02\/portesobertes22025-1-242x300.png\" alt=\"\" width=\"242\" height=\"300\" srcset=\"https:\/\/agora.xtec.cat\/escolapablopicasso\/wp-content\/uploads\/usu295\/2025\/02\/portesobertes22025-1-242x300.png 242w, https:\/\/agora.xtec.cat\/escolapablopicasso\/wp-content\/uploads\/usu295\/2025\/02\/portesobertes22025-1.png 609w\" sizes=\"auto, (max-width: 242px) 100vw, 242px\" \/><\/a><\/p>\n","protected":false},"excerpt":{"rendered":"<p>A continuaci\u00f3 trobareu les dates de les Portes Obertes de totes les escoles de Barber\u00e0 del Vall\u00e8s aix\u00ed com les seves p\u00e0gines web on podreu accedir als formularis d\u2019inscripci\u00f3 (cliqueu les imatges per accedir al cartell):<br \/>\n<a href=\"https:\/\/drive.google.com\/file\/d\/1_fhmN9k8vHCyKvMhlMw7dEN3-DzGRNSI\/view?usp=sharing\"><\/a><br \/>\nI aqu\u00ed les portes obertes dels instituts de secund\u00e0ria:<br \/>\n<a&hellip;  <a href=\"https:\/\/agora.xtec.cat\/escolapablopicasso\/general\/portes-obertes-2025\/\" title=\"Read PORTES OBERTES 2025\">Llegeix m\u00e9s\u00bb<\/a><\/p>\n","protected":false},"author":1,"featured_media":0,"comment_status":"open","ping_status":"closed","sticky":false,"template":"","format":"standard","meta":{"_bbp_topic_count":0,"_bbp_reply_count":0,"_bbp_total_topic_count":0,"_bbp_total_reply_count":0,"_bbp_voice_count":0,"_bbp_anonymous_reply_count":0,"_bbp_topic_count_hidden":0,"_bbp_reply_count_hidden":0,"_bbp_forum_subforum_count":0,"footnotes":""},"categories":[1,4],"tags":[],"class_list":["post-8219","post","type-post","status-publish","format-standard","hentry","category-general","category-portada"],"post_mailing_queue_ids":[],"_links":{"self":[{"href":"https:\/\/agora.xtec.cat\/escolapablopicasso\/wp-json\/wp\/v2\/posts\/8219","targetHints":{"allow":["GET"]}}],"collection":[{"href":"https:\/\/agora.xtec.cat\/escolapablopicasso\/wp-json\/wp\/v2\/posts"}],"about":[{"href":"https:\/\/agora.xtec.cat\/escolapablopicasso\/wp-json\/wp\/v2\/types\/post"}],"author":[{"embeddable":true,"href":"https:\/\/agora.xtec.cat\/escolapablopicasso\/wp-json\/wp\/v2\/users\/1"}],"replies":[{"embeddable":true,"href":"https:\/\/agora.xtec.cat\/escolapablopicasso\/wp-json\/wp\/v2\/comments?post=8219"}],"version-history":[{"count":2,"href":"https:\/\/agora.xtec.cat\/escolapablopicasso\/wp-json\/wp\/v2\/posts\/8219\/revisions"}],"predecessor-version":[{"id":8261,"href":"https:\/\/agora.xtec.cat\/escolapablopicasso\/wp-json\/wp\/v2\/posts\/8219\/revisions\/8261"}],"wp:attachment":[{"href":"https:\/\/agora.xtec.cat\/escolapablopicasso\/wp-json\/wp\/v2\/media?parent=8219"}],"wp:term":[{"taxonomy":"category","embeddable":true,"href":"https:\/\/agora.xtec.cat\/escolapablopicasso\/wp-json\/wp\/v2\/categories?post=8219"},{"taxonomy":"post_tag","embeddable":true,"href":"https:\/\/agora.xtec.cat\/escolapablopicasso\/wp-json\/wp\/v2\/tags?post=8219"}],"curies":[{"name":"wp","href":"https:\/\/api.w.org\/{rel}","templated":true}]}}