{"id":8204,"date":"2025-01-21T13:16:53","date_gmt":"2025-01-21T12:16:53","guid":{"rendered":"https:\/\/agora.xtec.cat\/escolapablopicasso\/?p=8204"},"modified":"2025-02-02T13:18:23","modified_gmt":"2025-02-02T12:18:23","slug":"xerrades-informatives-sobre-el-proces-de-preinscripcio-escolar-curs-2025-26","status":"publish","type":"post","link":"https:\/\/agora.xtec.cat\/escolapablopicasso\/general\/xerrades-informatives-sobre-el-proces-de-preinscripcio-escolar-curs-2025-26\/","title":{"rendered":"XERRADES INFORMATIVES SOBRE EL PROC\u00c9S DE PREINSCRIPCI\u00d3 ESCOLAR CURS 2025\/26"},"content":{"rendered":"<p>Des de l&#8217;Oficina Municipal d&#8217;Escolaritzaci\u00f3 (OME) de Barber\u00e0 del Vall\u00e8s, s&#8217;han programat unes<strong>\u00a0xerrades informatives<\/strong>\u00a0sobre el proc\u00e9s de Preinscripci\u00f3 Escolar Curs 2025\/26. Aquestes reunions estan obertes a totes les fam\u00edlies amb infants nascuts l&#8217;any 2022 i que el curs vinent faran I3.<\/p>\n<p>Dates de les xerrades informatives sobre el proc\u00e9s de Preinscripci\u00f3 Escolar Curs 2025\/26:<\/p>\n<p><strong>&#8211; Dia 04\/02\/25 Lloc: Llar Rodona a les 17.30 h<\/strong><\/p>\n<p><strong>&#8211; Dia 05\/02\/25 Lloc; Llar Xerinola a les 15.30 h<\/strong><\/p>\n<p><strong>&#8211; Dia 12\/02\/25 Lloc: Llar La Baldufa a les 17.30 h<\/strong><\/p>\n<p><strong>&#8211; Dia 19\/02\/25 Lloc: Llars la Blava\u00a0 a les 15.30 h<\/strong><\/p>\n<p>En aquestes xerrades, es donar\u00e0 la informaci\u00f3 b\u00e0sica del calendari de preinscripci\u00f3 i matr\u00edcula. El contingut de les xerrades \u00e9s el mateix en totes les sessions programades. Les xerrades tenen els objectius seg\u00fcents:<\/p>\n<ul>\n<li>Informar de tot el procediment de preinscripci\u00f3 segons marca la normativa vigent.<\/li>\n<li>Detallar el calendari de portes obertes dels centres educatius de Barber\u00e0.<\/li>\n<li>Deixar espai per formular dubtes i donar resposta a aquests.<\/li>\n<\/ul>\n<p>Per tema de limitaci\u00f3 d&#8217;aforament dels diferents espais, cal que es faci inscripci\u00f3 pr\u00e8via a la xerrada en la data que us vagi millor omplint el formulari seg\u00fcent:\u00a0<a href=\"https:\/\/www.bdv.cat\/inscripcio-la-xerrades-informatives-sobre-el-proces-de-preinscripcio-escolar-curs-202526-reunio\">ACC\u00c9S AL FORMULARI<\/a><\/p>\n","protected":false},"excerpt":{"rendered":"<p>Des de l&#8217;Oficina Municipal d&#8217;Escolaritzaci\u00f3 (OME) de Barber\u00e0 del Vall\u00e8s, s&#8217;han programat unes\u00a0xerrades informatives\u00a0sobre el proc\u00e9s de Preinscripci\u00f3 Escolar Curs 2025\/26. Aquestes reunions estan obertes a totes les fam\u00edlies amb infants nascuts l&#8217;any 2022 i que el curs vinent faran I3.<br \/>\nDates de les xerrades informatives&hellip;  <a href=\"https:\/\/agora.xtec.cat\/escolapablopicasso\/general\/xerrades-informatives-sobre-el-proces-de-preinscripcio-escolar-curs-2025-26\/\" title=\"Read XERRADES INFORMATIVES SOBRE EL PROC\u00c9S DE PREINSCRIPCI\u00d3 ESCOLAR CURS 2025\/26\">Llegeix m\u00e9s\u00bb<\/a><\/p>\n","protected":false},"author":1,"featured_media":0,"comment_status":"open","ping_status":"closed","sticky":false,"template":"","format":"standard","meta":{"_bbp_topic_count":0,"_bbp_reply_count":0,"_bbp_total_topic_count":0,"_bbp_total_reply_count":0,"_bbp_voice_count":0,"_bbp_anonymous_reply_count":0,"_bbp_topic_count_hidden":0,"_bbp_reply_count_hidden":0,"_bbp_forum_subforum_count":0,"footnotes":""},"categories":[1,4],"tags":[],"class_list":["post-8204","post","type-post","status-publish","format-standard","hentry","category-general","category-portada"],"post_mailing_queue_ids":[],"_links":{"self":[{"href":"https:\/\/agora.xtec.cat\/escolapablopicasso\/wp-json\/wp\/v2\/posts\/8204","targetHints":{"allow":["GET"]}}],"collection":[{"href":"https:\/\/agora.xtec.cat\/escolapablopicasso\/wp-json\/wp\/v2\/posts"}],"about":[{"href":"https:\/\/agora.xtec.cat\/escolapablopicasso\/wp-json\/wp\/v2\/types\/post"}],"author":[{"embeddable":true,"href":"https:\/\/agora.xtec.cat\/escolapablopicasso\/wp-json\/wp\/v2\/users\/1"}],"replies":[{"embeddable":true,"href":"https:\/\/agora.xtec.cat\/escolapablopicasso\/wp-json\/wp\/v2\/comments?post=8204"}],"version-history":[{"count":1,"href":"https:\/\/agora.xtec.cat\/escolapablopicasso\/wp-json\/wp\/v2\/posts\/8204\/revisions"}],"predecessor-version":[{"id":8205,"href":"https:\/\/agora.xtec.cat\/escolapablopicasso\/wp-json\/wp\/v2\/posts\/8204\/revisions\/8205"}],"wp:attachment":[{"href":"https:\/\/agora.xtec.cat\/escolapablopicasso\/wp-json\/wp\/v2\/media?parent=8204"}],"wp:term":[{"taxonomy":"category","embeddable":true,"href":"https:\/\/agora.xtec.cat\/escolapablopicasso\/wp-json\/wp\/v2\/categories?post=8204"},{"taxonomy":"post_tag","embeddable":true,"href":"https:\/\/agora.xtec.cat\/escolapablopicasso\/wp-json\/wp\/v2\/tags?post=8204"}],"curies":[{"name":"wp","href":"https:\/\/api.w.org\/{rel}","templated":true}]}}