{"id":8159,"date":"2024-12-01T10:33:57","date_gmt":"2024-12-01T09:33:57","guid":{"rendered":"https:\/\/agora.xtec.cat\/escolapablopicasso\/?p=8159"},"modified":"2024-12-03T12:49:02","modified_gmt":"2024-12-03T11:49:02","slug":"artista-del-mes-10","status":"publish","type":"post","link":"https:\/\/agora.xtec.cat\/escolapablopicasso\/general\/artista-del-mes-10\/","title":{"rendered":"ARTISTA DEL MES"},"content":{"rendered":"<p>I aquest mes de desembre ens acompanyar\u00e0 el compositor Wolfgang Amadeus Mozart (\u00c0ustria 1756-1791)<\/p>\n<p><img loading=\"lazy\" decoding=\"async\" class=\"aligncenter\" src=\"https:\/\/s.yimg.com\/ny\/api\/res\/1.2\/HDEfmrWdt1IHWiYYIqlbIA--\/YXBwaWQ9aGlnaGxhbmRlcjt3PTY0MDtoPTQyNw--\/https:\/\/media.zenfs.com\/fr\/lepoint.fr\/0723fa92fdd204cddb6ca51eef39e8ec\" alt=\"Ce que l'on sait de la partition in\u00e9dite de Mozart\" width=\"441\" height=\"294\" \/><\/p>\n<p>En la seva infantesa m\u00e9s primerenca a Salzburg, Mozart va mostrar una capacitat prodigiosa en el domini d&#8217;instruments de teclat i del viol\u00ed. Amb nom\u00e9s cinc anys ja componia obres musicals i les seves interpretacions eren de l&#8217;estima de l&#8217;aristocr\u00e0cia i la reialesa europea. Als disset anys va ser contractat com a m\u00fasic a la cort de Salzburg, per\u00f2 la seva inquietud el va portar a viatjar buscant una millor posici\u00f3, sempre component de forma prol\u00edfica. Les primeres gires per Europa el van fer fam\u00f3s. Va compondre diferents \u00f2peres i algunes de les m\u00e9s famoses s\u00f3n:<\/p>\n<p>&#8220;La flauta m\u00e0gica&#8221;<\/p>\n<p><iframe loading=\"lazy\" src=\"\/\/www.youtube.com\/embed\/vxe8F3qqNf0\" width=\"560\" height=\"314\" allowfullscreen=\"allowfullscreen\"><\/iframe><\/p>\n<p>&#8220;Don Giovanni&#8221;<\/p>\n<p><iframe loading=\"lazy\" src=\"\/\/www.youtube.com\/embed\/jyjVCbTo5F0\" width=\"560\" height=\"314\" allowfullscreen=\"allowfullscreen\"><\/iframe><\/p>\n","protected":false},"excerpt":{"rendered":"<p>I aquest mes de desembre ens acompanyar\u00e0 el compositor Wolfgang Amadeus Mozart (\u00c0ustria 1756-1791)<\/p>\n<p>En la seva infantesa m\u00e9s primerenca a Salzburg, Mozart va mostrar una capacitat prodigiosa en el domini d&#8217;instruments de teclat i del viol\u00ed. Amb nom\u00e9s cinc anys ja componia obres musicals i&hellip;  <a href=\"https:\/\/agora.xtec.cat\/escolapablopicasso\/general\/artista-del-mes-10\/\" title=\"Read ARTISTA DEL MES\">Llegeix m\u00e9s\u00bb<\/a><\/p>\n","protected":false},"author":1,"featured_media":8160,"comment_status":"open","ping_status":"closed","sticky":false,"template":"","format":"standard","meta":{"_bbp_topic_count":0,"_bbp_reply_count":0,"_bbp_total_topic_count":0,"_bbp_total_reply_count":0,"_bbp_voice_count":0,"_bbp_anonymous_reply_count":0,"_bbp_topic_count_hidden":0,"_bbp_reply_count_hidden":0,"_bbp_forum_subforum_count":0,"footnotes":""},"categories":[1,24,4],"tags":[],"class_list":["post-8159","post","type-post","status-publish","format-standard","has-post-thumbnail","hentry","category-general","category-musica","category-portada"],"post_mailing_queue_ids":[],"_links":{"self":[{"href":"https:\/\/agora.xtec.cat\/escolapablopicasso\/wp-json\/wp\/v2\/posts\/8159","targetHints":{"allow":["GET"]}}],"collection":[{"href":"https:\/\/agora.xtec.cat\/escolapablopicasso\/wp-json\/wp\/v2\/posts"}],"about":[{"href":"https:\/\/agora.xtec.cat\/escolapablopicasso\/wp-json\/wp\/v2\/types\/post"}],"author":[{"embeddable":true,"href":"https:\/\/agora.xtec.cat\/escolapablopicasso\/wp-json\/wp\/v2\/users\/1"}],"replies":[{"embeddable":true,"href":"https:\/\/agora.xtec.cat\/escolapablopicasso\/wp-json\/wp\/v2\/comments?post=8159"}],"version-history":[{"count":1,"href":"https:\/\/agora.xtec.cat\/escolapablopicasso\/wp-json\/wp\/v2\/posts\/8159\/revisions"}],"predecessor-version":[{"id":8161,"href":"https:\/\/agora.xtec.cat\/escolapablopicasso\/wp-json\/wp\/v2\/posts\/8159\/revisions\/8161"}],"wp:featuredmedia":[{"embeddable":true,"href":"https:\/\/agora.xtec.cat\/escolapablopicasso\/wp-json\/wp\/v2\/media\/8160"}],"wp:attachment":[{"href":"https:\/\/agora.xtec.cat\/escolapablopicasso\/wp-json\/wp\/v2\/media?parent=8159"}],"wp:term":[{"taxonomy":"category","embeddable":true,"href":"https:\/\/agora.xtec.cat\/escolapablopicasso\/wp-json\/wp\/v2\/categories?post=8159"},{"taxonomy":"post_tag","embeddable":true,"href":"https:\/\/agora.xtec.cat\/escolapablopicasso\/wp-json\/wp\/v2\/tags?post=8159"}],"curies":[{"name":"wp","href":"https:\/\/api.w.org\/{rel}","templated":true}]}}