{"id":8137,"date":"2024-11-14T17:39:26","date_gmt":"2024-11-14T16:39:26","guid":{"rendered":"https:\/\/agora.xtec.cat\/escolapablopicasso\/?p=8137"},"modified":"2024-11-14T17:42:38","modified_gmt":"2024-11-14T16:42:38","slug":"picasso-en-concert-5","status":"publish","type":"post","link":"https:\/\/agora.xtec.cat\/escolapablopicasso\/general\/picasso-en-concert-5\/","title":{"rendered":"PICASSO EN CONCERT"},"content":{"rendered":"<div>\n<p>Des de l&#8217;Ajuntament, aquest mat\u00ed, ens han comunicat que el Teatre Municipal Cooperativa (TMC) reobrir\u00e0 les seves portes el proper 3 de desembre. Per aquest motiu, ens plau informar-vos que finalment s\u00ed podrem fer els concerts en aquest equipament municipal.<\/p>\n<\/div>\n<div><\/div>\n<div>\n<p>Volem agrair l&#8217;esfor\u00e7 que s&#8217;ha fet durant aquests \u00faltims mesos (i especialment durant les darreres setmanes) per part dels diferents t\u00e8cnics per, a contrarellotge, acabar d&#8217;enllestir les diferents actuacions-revisions necess\u00e0ries i tenir les garanties legals per poder tornar a obrir el teatre.<\/p>\n<\/div>\n<div><\/div>\n<div>\n<p>Us fem arribar la data del\u00a0<strong>concert de la nostra escola al TMC: Dimarts 17 de desembre de 2024<\/strong>.<\/p>\n<\/div>\n<div><a href=\"https:\/\/agora.xtec.cat\/escolapablopicasso\/wp-content\/uploads\/usu295\/2024\/11\/PICASSO-EN-CONCERT-2024.png\"><img loading=\"lazy\" decoding=\"async\" class=\"aligncenter size-large wp-image-8138\" src=\"https:\/\/agora.xtec.cat\/escolapablopicasso\/wp-content\/uploads\/usu295\/2024\/11\/PICASSO-EN-CONCERT-2024-724x1024.png\" alt=\"\" width=\"724\" height=\"1024\" srcset=\"https:\/\/agora.xtec.cat\/escolapablopicasso\/wp-content\/uploads\/usu295\/2024\/11\/PICASSO-EN-CONCERT-2024-724x1024.png 724w, https:\/\/agora.xtec.cat\/escolapablopicasso\/wp-content\/uploads\/usu295\/2024\/11\/PICASSO-EN-CONCERT-2024-212x300.png 212w, https:\/\/agora.xtec.cat\/escolapablopicasso\/wp-content\/uploads\/usu295\/2024\/11\/PICASSO-EN-CONCERT-2024-768x1086.png 768w, https:\/\/agora.xtec.cat\/escolapablopicasso\/wp-content\/uploads\/usu295\/2024\/11\/PICASSO-EN-CONCERT-2024-1086x1536.png 1086w, https:\/\/agora.xtec.cat\/escolapablopicasso\/wp-content\/uploads\/usu295\/2024\/11\/PICASSO-EN-CONCERT-2024.png 1414w\" sizes=\"auto, (max-width: 724px) 100vw, 724px\" \/><\/a><\/div>\n<div><\/div>\n<div><\/div>\n<div>\n<p>&nbsp;<\/p>\n<p>M\u00e9s endavant rebreu informaci\u00f3 referent al concert (entrades, vestuari, organitzaci\u00f3, etc).<\/p>\n<\/div>\n<div><\/div>\n<div><\/div>\n<div>\n<p>&nbsp;<\/p>\n<\/div>\n","protected":false},"excerpt":{"rendered":"<p>Des de l&#8217;Ajuntament, aquest mat\u00ed, ens han comunicat que el Teatre Municipal Cooperativa (TMC) reobrir\u00e0 les seves portes el proper 3 de desembre. Per aquest motiu, ens plau informar-vos que finalment s\u00ed podrem fer els concerts en aquest equipament municipal.<\/p>\n<p>Volem agrair l&#8217;esfor\u00e7 que s&#8217;ha fet&hellip;  <a href=\"https:\/\/agora.xtec.cat\/escolapablopicasso\/general\/picasso-en-concert-5\/\" title=\"Read PICASSO EN CONCERT\">Llegeix m\u00e9s\u00bb<\/a><\/p>\n","protected":false},"author":1,"featured_media":0,"comment_status":"open","ping_status":"closed","sticky":false,"template":"","format":"standard","meta":{"_bbp_topic_count":0,"_bbp_reply_count":0,"_bbp_total_topic_count":0,"_bbp_total_reply_count":0,"_bbp_voice_count":0,"_bbp_anonymous_reply_count":0,"_bbp_topic_count_hidden":0,"_bbp_reply_count_hidden":0,"_bbp_forum_subforum_count":0,"footnotes":""},"categories":[23,1,4],"tags":[],"class_list":["post-8137","post","type-post","status-publish","format-standard","hentry","category-nadal","category-general","category-portada"],"post_mailing_queue_ids":[],"_links":{"self":[{"href":"https:\/\/agora.xtec.cat\/escolapablopicasso\/wp-json\/wp\/v2\/posts\/8137","targetHints":{"allow":["GET"]}}],"collection":[{"href":"https:\/\/agora.xtec.cat\/escolapablopicasso\/wp-json\/wp\/v2\/posts"}],"about":[{"href":"https:\/\/agora.xtec.cat\/escolapablopicasso\/wp-json\/wp\/v2\/types\/post"}],"author":[{"embeddable":true,"href":"https:\/\/agora.xtec.cat\/escolapablopicasso\/wp-json\/wp\/v2\/users\/1"}],"replies":[{"embeddable":true,"href":"https:\/\/agora.xtec.cat\/escolapablopicasso\/wp-json\/wp\/v2\/comments?post=8137"}],"version-history":[{"count":2,"href":"https:\/\/agora.xtec.cat\/escolapablopicasso\/wp-json\/wp\/v2\/posts\/8137\/revisions"}],"predecessor-version":[{"id":8140,"href":"https:\/\/agora.xtec.cat\/escolapablopicasso\/wp-json\/wp\/v2\/posts\/8137\/revisions\/8140"}],"wp:attachment":[{"href":"https:\/\/agora.xtec.cat\/escolapablopicasso\/wp-json\/wp\/v2\/media?parent=8137"}],"wp:term":[{"taxonomy":"category","embeddable":true,"href":"https:\/\/agora.xtec.cat\/escolapablopicasso\/wp-json\/wp\/v2\/categories?post=8137"},{"taxonomy":"post_tag","embeddable":true,"href":"https:\/\/agora.xtec.cat\/escolapablopicasso\/wp-json\/wp\/v2\/tags?post=8137"}],"curies":[{"name":"wp","href":"https:\/\/api.w.org\/{rel}","templated":true}]}}