{"id":8129,"date":"2024-11-01T20:31:32","date_gmt":"2024-11-01T19:31:32","guid":{"rendered":"https:\/\/agora.xtec.cat\/escolapablopicasso\/?p=8129"},"modified":"2024-11-05T13:47:03","modified_gmt":"2024-11-05T12:47:03","slug":"artista-del-mes-9","status":"publish","type":"post","link":"https:\/\/agora.xtec.cat\/escolapablopicasso\/general\/artista-del-mes-9\/","title":{"rendered":"ARTISTA DEL MES"},"content":{"rendered":"<p>Aquest mes de novembre ens inspirar\u00e0 l&#8217;artista Roc\u00edo Montoya (1983 Madrid, Espanya)<\/p>\n<p><img loading=\"lazy\" decoding=\"async\" class=\"aligncenter\" src=\"https:\/\/rociomontoya.com\/wp-content\/uploads\/2024\/02\/cafelito-rocio-estudio-683x1024.jpg\" width=\"309\" height=\"463\" \/><\/p>\n<p>Va comen\u00e7ar des de ben petita quan veia pintar al seu pare, l&#8217;artista Mariano Montoya, i va saber que ella tamb\u00e9 volia expressar les seves emocions a trav\u00e9s del color i els llenguatges pl\u00e0stics.<\/p>\n<p>Va comen\u00e7ar amb la fotografia, l&#8217;art del collage i el disseny gr\u00e0fic. Posteriorment, ho va combinar amb la il\u00b7lustraci\u00f3 i la pintura<\/p>\n<p>Amb t\u00e8cniques com l&#8217;aquarel\u00b7la, el gouache i l&#8217;oli va fer les seves creacions amb una potent c\u00e0rrega crom\u00e0tica i amb la dona i la natura com protagonistes.<\/p>\n<p>El cos hum\u00e0 en la natura, la figura femenina i la p\u00e8rdua d&#8217;identitat s\u00f3n les bases conceptuals dels seus treballs.<\/p>\n<p>Ha col\u00b7laborat amb marques com Dior, Chanel, KVD, HBO, Penguin Random House o Simon amb els seus <span style=\"font-family: inherit; font-size: 1em;\">treballs d&#8217;il\u00b7lustraci\u00f3 bot\u00e0nica, collage i retrat.<\/span><\/p>\n","protected":false},"excerpt":{"rendered":"<p>Aquest mes de novembre ens inspirar\u00e0 l&#8217;artista Roc\u00edo Montoya (1983 Madrid, Espanya)<\/p>\n<p>Va comen\u00e7ar des de ben petita quan veia pintar al seu pare, l&#8217;artista Mariano Montoya, i va saber que ella tamb\u00e9 volia expressar les seves emocions a trav\u00e9s del color i els llenguatges pl\u00e0stics.<br \/>\nVa&hellip;  <a href=\"https:\/\/agora.xtec.cat\/escolapablopicasso\/general\/artista-del-mes-9\/\" title=\"Read ARTISTA DEL MES\">Llegeix m\u00e9s\u00bb<\/a><\/p>\n","protected":false},"author":1,"featured_media":0,"comment_status":"open","ping_status":"closed","sticky":false,"template":"","format":"standard","meta":{"_bbp_topic_count":0,"_bbp_reply_count":0,"_bbp_total_topic_count":0,"_bbp_total_reply_count":0,"_bbp_voice_count":0,"_bbp_anonymous_reply_count":0,"_bbp_topic_count_hidden":0,"_bbp_reply_count_hidden":0,"_bbp_forum_subforum_count":0,"footnotes":""},"categories":[1,4],"tags":[],"class_list":["post-8129","post","type-post","status-publish","format-standard","hentry","category-general","category-portada"],"post_mailing_queue_ids":[],"_links":{"self":[{"href":"https:\/\/agora.xtec.cat\/escolapablopicasso\/wp-json\/wp\/v2\/posts\/8129","targetHints":{"allow":["GET"]}}],"collection":[{"href":"https:\/\/agora.xtec.cat\/escolapablopicasso\/wp-json\/wp\/v2\/posts"}],"about":[{"href":"https:\/\/agora.xtec.cat\/escolapablopicasso\/wp-json\/wp\/v2\/types\/post"}],"author":[{"embeddable":true,"href":"https:\/\/agora.xtec.cat\/escolapablopicasso\/wp-json\/wp\/v2\/users\/1"}],"replies":[{"embeddable":true,"href":"https:\/\/agora.xtec.cat\/escolapablopicasso\/wp-json\/wp\/v2\/comments?post=8129"}],"version-history":[{"count":1,"href":"https:\/\/agora.xtec.cat\/escolapablopicasso\/wp-json\/wp\/v2\/posts\/8129\/revisions"}],"predecessor-version":[{"id":8130,"href":"https:\/\/agora.xtec.cat\/escolapablopicasso\/wp-json\/wp\/v2\/posts\/8129\/revisions\/8130"}],"wp:attachment":[{"href":"https:\/\/agora.xtec.cat\/escolapablopicasso\/wp-json\/wp\/v2\/media?parent=8129"}],"wp:term":[{"taxonomy":"category","embeddable":true,"href":"https:\/\/agora.xtec.cat\/escolapablopicasso\/wp-json\/wp\/v2\/categories?post=8129"},{"taxonomy":"post_tag","embeddable":true,"href":"https:\/\/agora.xtec.cat\/escolapablopicasso\/wp-json\/wp\/v2\/tags?post=8129"}],"curies":[{"name":"wp","href":"https:\/\/api.w.org\/{rel}","templated":true}]}}