{"id":8114,"date":"2024-11-01T14:08:26","date_gmt":"2024-11-01T13:08:26","guid":{"rendered":"https:\/\/agora.xtec.cat\/escolapablopicasso\/?p=8114"},"modified":"2024-11-01T14:08:26","modified_gmt":"2024-11-01T13:08:26","slug":"exposicio-de-tardor-7","status":"publish","type":"post","link":"https:\/\/agora.xtec.cat\/escolapablopicasso\/general\/exposicio-de-tardor-7\/","title":{"rendered":"EXPOSICI\u00d3 DE TARDOR"},"content":{"rendered":"<p>Ja ha arribat la tardor i al Picasso ho vivim molt intensament.<\/p>\n<p>A continuaci\u00f3 trobareu un resum de l&#8217;exposici\u00f3 i els seus diferents escenaris (Land Art a Educaci\u00f3 Infantil, la tardor m\u00e9s tradicional a Cicle Inicial i Cicle Mitj\u00e0, la tardor a altres pa\u00efsos a Cicle Superior, Halloween al menjador&#8230;)<\/p>\n<p>Molt\u00edssimes gr\u00e0cies per la vostra visita i la vostra col\u00b7laboraci\u00f3.<\/p>\n<p>(cliqueu la imatge per accedir al video)<\/p>\n<p><a href=\"https:\/\/drive.google.com\/file\/d\/1sobSV0QRK7gPGEyCRX0jPfgO1dItzqJg\/view?usp=sharing\"><img loading=\"lazy\" decoding=\"async\" class=\"aligncenter size-full wp-image-8115\" src=\"https:\/\/agora.xtec.cat\/escolapablopicasso\/wp-content\/uploads\/usu295\/2024\/11\/Exposicio-de-tardor-2024.png\" alt=\"\" width=\"763\" height=\"422\" srcset=\"https:\/\/agora.xtec.cat\/escolapablopicasso\/wp-content\/uploads\/usu295\/2024\/11\/Exposicio-de-tardor-2024.png 763w, https:\/\/agora.xtec.cat\/escolapablopicasso\/wp-content\/uploads\/usu295\/2024\/11\/Exposicio-de-tardor-2024-300x166.png 300w\" sizes=\"auto, (max-width: 763px) 100vw, 763px\" \/><\/a><\/p>\n","protected":false},"excerpt":{"rendered":"<p>Ja ha arribat la tardor i al Picasso ho vivim molt intensament.<br \/>\nA continuaci\u00f3 trobareu un resum de l&#8217;exposici\u00f3 i els seus diferents escenaris (Land Art a Educaci\u00f3 Infantil, la tardor m\u00e9s tradicional a Cicle Inicial i Cicle Mitj\u00e0, la tardor a altres pa\u00efsos a Cicle&hellip;  <a href=\"https:\/\/agora.xtec.cat\/escolapablopicasso\/general\/exposicio-de-tardor-7\/\" title=\"Read EXPOSICI\u00d3 DE TARDOR\">Llegeix m\u00e9s\u00bb<\/a><\/p>\n","protected":false},"author":1,"featured_media":0,"comment_status":"open","ping_status":"closed","sticky":false,"template":"","format":"standard","meta":{"_bbp_topic_count":0,"_bbp_reply_count":0,"_bbp_total_topic_count":0,"_bbp_total_reply_count":0,"_bbp_voice_count":0,"_bbp_anonymous_reply_count":0,"_bbp_topic_count_hidden":0,"_bbp_reply_count_hidden":0,"_bbp_forum_subforum_count":0,"footnotes":""},"categories":[7,23,1,4],"tags":[],"class_list":["post-8114","post","type-post","status-publish","format-standard","hentry","category-ampa","category-nadal","category-general","category-portada"],"post_mailing_queue_ids":[],"_links":{"self":[{"href":"https:\/\/agora.xtec.cat\/escolapablopicasso\/wp-json\/wp\/v2\/posts\/8114","targetHints":{"allow":["GET"]}}],"collection":[{"href":"https:\/\/agora.xtec.cat\/escolapablopicasso\/wp-json\/wp\/v2\/posts"}],"about":[{"href":"https:\/\/agora.xtec.cat\/escolapablopicasso\/wp-json\/wp\/v2\/types\/post"}],"author":[{"embeddable":true,"href":"https:\/\/agora.xtec.cat\/escolapablopicasso\/wp-json\/wp\/v2\/users\/1"}],"replies":[{"embeddable":true,"href":"https:\/\/agora.xtec.cat\/escolapablopicasso\/wp-json\/wp\/v2\/comments?post=8114"}],"version-history":[{"count":1,"href":"https:\/\/agora.xtec.cat\/escolapablopicasso\/wp-json\/wp\/v2\/posts\/8114\/revisions"}],"predecessor-version":[{"id":8116,"href":"https:\/\/agora.xtec.cat\/escolapablopicasso\/wp-json\/wp\/v2\/posts\/8114\/revisions\/8116"}],"wp:attachment":[{"href":"https:\/\/agora.xtec.cat\/escolapablopicasso\/wp-json\/wp\/v2\/media?parent=8114"}],"wp:term":[{"taxonomy":"category","embeddable":true,"href":"https:\/\/agora.xtec.cat\/escolapablopicasso\/wp-json\/wp\/v2\/categories?post=8114"},{"taxonomy":"post_tag","embeddable":true,"href":"https:\/\/agora.xtec.cat\/escolapablopicasso\/wp-json\/wp\/v2\/tags?post=8114"}],"curies":[{"name":"wp","href":"https:\/\/api.w.org\/{rel}","templated":true}]}}