{"id":8107,"date":"2024-10-31T12:38:10","date_gmt":"2024-10-31T11:38:10","guid":{"rendered":"https:\/\/agora.xtec.cat\/escolapablopicasso\/?p=8107"},"modified":"2024-11-01T13:03:25","modified_gmt":"2024-11-01T12:03:25","slug":"halloween-al-picasso","status":"publish","type":"post","link":"https:\/\/agora.xtec.cat\/escolapablopicasso\/general\/halloween-al-picasso\/","title":{"rendered":"HALLOWEEN AL PICASSO"},"content":{"rendered":"<p>El passat dimecres 30 i dijous 31 d&#8217;octubre vam tenir l&#8217;exposici\u00f3 de Halloween del Picasso.<\/p>\n<p>Aquest curs hem tingut &#8220;spiders&#8221;, &#8220;bats&#8221;, &#8220;pumpkins&#8221;, &#8220;magic potions&#8221;, &#8220;scary names&#8221; i &#8220;spooky portraits&#8221;.<\/p>\n<p>Us volem agrair tamb\u00e9 la vostra participaci\u00f3 a l&#8217;exposici\u00f3 de &#8220;pumpkins&#8221;, i la posterior venda de carbasses per aconseguir diners per anar de col\u00f2nies. Thank You!!!!<\/p>\n<p><a href=\"https:\/\/agora.xtec.cat\/escolapablopicasso\/wp-content\/uploads\/usu295\/2024\/11\/1730461462970.png\"><img loading=\"lazy\" decoding=\"async\" class=\"aligncenter size-full wp-image-8108\" src=\"https:\/\/agora.xtec.cat\/escolapablopicasso\/wp-content\/uploads\/usu295\/2024\/11\/1730461462970.png\" alt=\"\" width=\"1000\" height=\"563\" srcset=\"https:\/\/agora.xtec.cat\/escolapablopicasso\/wp-content\/uploads\/usu295\/2024\/11\/1730461462970.png 1000w, https:\/\/agora.xtec.cat\/escolapablopicasso\/wp-content\/uploads\/usu295\/2024\/11\/1730461462970-300x169.png 300w, https:\/\/agora.xtec.cat\/escolapablopicasso\/wp-content\/uploads\/usu295\/2024\/11\/1730461462970-768x432.png 768w\" sizes=\"auto, (max-width: 1000px) 100vw, 1000px\" \/><\/a><\/p>\n<p>Si no vau poder visitar l&#8217;exposici\u00f3, a continuaci\u00f3 podeu trobar un tastet (cliqueu la imatge):<\/p>\n<p><a href=\"https:\/\/drive.google.com\/file\/d\/1Pj1nBJh_dS5husqIVSxsM1sGIO2Nby6V\/view?usp=sharing\"><img loading=\"lazy\" decoding=\"async\" class=\"aligncenter wp-image-8109 size-full\" src=\"https:\/\/agora.xtec.cat\/escolapablopicasso\/wp-content\/uploads\/usu295\/2024\/11\/Halloween-al-Picasso.png\" alt=\"\" width=\"951\" height=\"527\" srcset=\"https:\/\/agora.xtec.cat\/escolapablopicasso\/wp-content\/uploads\/usu295\/2024\/11\/Halloween-al-Picasso.png 951w, https:\/\/agora.xtec.cat\/escolapablopicasso\/wp-content\/uploads\/usu295\/2024\/11\/Halloween-al-Picasso-300x166.png 300w, https:\/\/agora.xtec.cat\/escolapablopicasso\/wp-content\/uploads\/usu295\/2024\/11\/Halloween-al-Picasso-768x426.png 768w\" sizes=\"auto, (max-width: 951px) 100vw, 951px\" \/><\/a><\/p>\n","protected":false},"excerpt":{"rendered":"<p>El passat dimecres 30 i dijous 31 d&#8217;octubre vam tenir l&#8217;exposici\u00f3 de Halloween del Picasso.<br \/>\nAquest curs hem tingut &#8220;spiders&#8221;, &#8220;bats&#8221;, &#8220;pumpkins&#8221;, &#8220;magic potions&#8221;, &#8220;scary names&#8221; i &#8220;spooky portraits&#8221;.<br \/>\nUs volem agrair tamb\u00e9 la vostra participaci\u00f3 a l&#8217;exposici\u00f3 de &#8220;pumpkins&#8221;, i la posterior venda de carbasses per&hellip;  <a href=\"https:\/\/agora.xtec.cat\/escolapablopicasso\/general\/halloween-al-picasso\/\" title=\"Read HALLOWEEN AL PICASSO\">Llegeix m\u00e9s\u00bb<\/a><\/p>\n","protected":false},"author":1,"featured_media":0,"comment_status":"open","ping_status":"closed","sticky":false,"template":"","format":"standard","meta":{"_bbp_topic_count":0,"_bbp_reply_count":0,"_bbp_total_topic_count":0,"_bbp_total_reply_count":0,"_bbp_voice_count":0,"_bbp_anonymous_reply_count":0,"_bbp_topic_count_hidden":0,"_bbp_reply_count_hidden":0,"_bbp_forum_subforum_count":0,"footnotes":""},"categories":[22,23,1,4],"tags":[],"class_list":["post-8107","post","type-post","status-publish","format-standard","hentry","category-angles","category-nadal","category-general","category-portada"],"post_mailing_queue_ids":[],"_links":{"self":[{"href":"https:\/\/agora.xtec.cat\/escolapablopicasso\/wp-json\/wp\/v2\/posts\/8107","targetHints":{"allow":["GET"]}}],"collection":[{"href":"https:\/\/agora.xtec.cat\/escolapablopicasso\/wp-json\/wp\/v2\/posts"}],"about":[{"href":"https:\/\/agora.xtec.cat\/escolapablopicasso\/wp-json\/wp\/v2\/types\/post"}],"author":[{"embeddable":true,"href":"https:\/\/agora.xtec.cat\/escolapablopicasso\/wp-json\/wp\/v2\/users\/1"}],"replies":[{"embeddable":true,"href":"https:\/\/agora.xtec.cat\/escolapablopicasso\/wp-json\/wp\/v2\/comments?post=8107"}],"version-history":[{"count":4,"href":"https:\/\/agora.xtec.cat\/escolapablopicasso\/wp-json\/wp\/v2\/posts\/8107\/revisions"}],"predecessor-version":[{"id":8113,"href":"https:\/\/agora.xtec.cat\/escolapablopicasso\/wp-json\/wp\/v2\/posts\/8107\/revisions\/8113"}],"wp:attachment":[{"href":"https:\/\/agora.xtec.cat\/escolapablopicasso\/wp-json\/wp\/v2\/media?parent=8107"}],"wp:term":[{"taxonomy":"category","embeddable":true,"href":"https:\/\/agora.xtec.cat\/escolapablopicasso\/wp-json\/wp\/v2\/categories?post=8107"},{"taxonomy":"post_tag","embeddable":true,"href":"https:\/\/agora.xtec.cat\/escolapablopicasso\/wp-json\/wp\/v2\/tags?post=8107"}],"curies":[{"name":"wp","href":"https:\/\/api.w.org\/{rel}","templated":true}]}}