{"id":8099,"date":"2024-10-23T09:00:27","date_gmt":"2024-10-23T07:00:27","guid":{"rendered":"https:\/\/agora.xtec.cat\/escolapablopicasso\/?p=8099"},"modified":"2024-10-23T13:32:03","modified_gmt":"2024-10-23T11:32:03","slug":"exposicio-de-tardor-6","status":"publish","type":"post","link":"https:\/\/agora.xtec.cat\/escolapablopicasso\/general\/exposicio-de-tardor-6\/","title":{"rendered":"EXPOSICI\u00d3 DE TARDOR"},"content":{"rendered":"<p>S\u2019acosta el 31 d\u2019octubre i ja sabeu que sempre us convidem a veure la nostra &#8220;Exposici\u00f3 de tardor&#8221;<\/p>\n<p>Obrirem les portes de l&#8217;escola el <strong>dimecres 30 d&#8217;octubre a les 16:35 h<\/strong> i el <strong>dijous 31 d&#8217;octubre a les 12:35 h<\/strong> per tal que pugueu entrar a veure l\u2019exposici\u00f3 que estem preparant.<\/p>\n<p><a href=\"https:\/\/agora.xtec.cat\/escolapablopicasso\/wp-content\/uploads\/usu295\/2024\/10\/Exposicio-de-tardor.png\"><img loading=\"lazy\" decoding=\"async\" class=\"aligncenter wp-image-8100 size-medium\" src=\"https:\/\/agora.xtec.cat\/escolapablopicasso\/wp-content\/uploads\/usu295\/2024\/10\/Exposicio-de-tardor-212x300.png\" alt=\"\" width=\"212\" height=\"300\" srcset=\"https:\/\/agora.xtec.cat\/escolapablopicasso\/wp-content\/uploads\/usu295\/2024\/10\/Exposicio-de-tardor-212x300.png 212w, https:\/\/agora.xtec.cat\/escolapablopicasso\/wp-content\/uploads\/usu295\/2024\/10\/Exposicio-de-tardor.png 353w\" sizes=\"auto, (max-width: 212px) 100vw, 212px\" \/><\/a><\/p>\n<p>Per fer aquesta exposici\u00f3 estem preparant diferents treballs pl\u00e0stics a tota l&#8217;escola (Land Art a Educaci\u00f3 Infantil, la tardor a Catalunya a Cicle Inicial i Cicle Mitj\u00e0, Escape Room i la tardor a altres pa\u00efsos a Cicle Superior, Halloween a les classes d&#8217;angl\u00e8s&#8230;) i necessitem la vostra col\u00b7laboraci\u00f3:<\/p>\n<p>-Els infants de 1r i 2n us conviden a caracteritzar o disfressar els diferents fruits de la tardor (enviarem m\u00e9s informaci\u00f3 detallada a les classes de 1r i 2n)<\/p>\n<p>-3r, 4t, 5\u00e8 i 6\u00e8 podeu participar en la decoraci\u00f3 de carbasses (enviarem m\u00e9s informaci\u00f3 detallada a aquestes classes)<\/p>\n<p><strong>NOVETAT<\/strong>: Ja sabeu que aquest curs es faran col\u00f2nies a 3 nivells i, per ajudar a treure diners hem pensat de vendre les carbasses decorades que ens feu arribar (sempre que doneu el vostre consentiment) amb un preu \u00fanic de 2 \u20ac. Per aquest motiu us convidem a incloure treballs de carbasses amb materials pl\u00e0stics i\/o de reciclatge. Per fer la venda s\u2019obriran les portes de l&#8217;escola el <strong>dijous 31 d&#8217;octubre a les 16:35 h<\/strong> (un cop han sortit tots els infants) al porxo de l\u2019escola.<\/p>\n<p><a href=\"https:\/\/agora.xtec.cat\/escolapablopicasso\/wp-content\/uploads\/usu295\/2024\/10\/venda-de-carbasses.png\"><img loading=\"lazy\" decoding=\"async\" class=\"aligncenter wp-image-8101 size-medium\" src=\"https:\/\/agora.xtec.cat\/escolapablopicasso\/wp-content\/uploads\/usu295\/2024\/10\/venda-de-carbasses-212x300.png\" alt=\"\" width=\"212\" height=\"300\" srcset=\"https:\/\/agora.xtec.cat\/escolapablopicasso\/wp-content\/uploads\/usu295\/2024\/10\/venda-de-carbasses-212x300.png 212w, https:\/\/agora.xtec.cat\/escolapablopicasso\/wp-content\/uploads\/usu295\/2024\/10\/venda-de-carbasses.png 353w\" sizes=\"auto, (max-width: 212px) 100vw, 212px\" \/><\/a><\/p>\n<p>Molt agra\u00efdes per la vostra col\u00b7laboraci\u00f3,<\/p>\n<p>Us esperem!<\/p>\n","protected":false},"excerpt":{"rendered":"<p>S\u2019acosta el 31 d\u2019octubre i ja sabeu que sempre us convidem a veure la nostra &#8220;Exposici\u00f3 de tardor&#8221;<br \/>\nObrirem les portes de l&#8217;escola el dimecres 30 d&#8217;octubre a les 16:35 h i el dijous 31 d&#8217;octubre a les 12:35 h per tal que pugueu entrar a&hellip;  <a href=\"https:\/\/agora.xtec.cat\/escolapablopicasso\/general\/exposicio-de-tardor-6\/\" title=\"Read EXPOSICI\u00d3 DE TARDOR\">Llegeix m\u00e9s\u00bb<\/a><\/p>\n","protected":false},"author":1,"featured_media":0,"comment_status":"open","ping_status":"closed","sticky":false,"template":"","format":"standard","meta":{"_bbp_topic_count":0,"_bbp_reply_count":0,"_bbp_total_topic_count":0,"_bbp_total_reply_count":0,"_bbp_voice_count":0,"_bbp_anonymous_reply_count":0,"_bbp_topic_count_hidden":0,"_bbp_reply_count_hidden":0,"_bbp_forum_subforum_count":0,"footnotes":""},"categories":[23,1,4],"tags":[],"class_list":["post-8099","post","type-post","status-publish","format-standard","hentry","category-nadal","category-general","category-portada"],"post_mailing_queue_ids":[],"_links":{"self":[{"href":"https:\/\/agora.xtec.cat\/escolapablopicasso\/wp-json\/wp\/v2\/posts\/8099","targetHints":{"allow":["GET"]}}],"collection":[{"href":"https:\/\/agora.xtec.cat\/escolapablopicasso\/wp-json\/wp\/v2\/posts"}],"about":[{"href":"https:\/\/agora.xtec.cat\/escolapablopicasso\/wp-json\/wp\/v2\/types\/post"}],"author":[{"embeddable":true,"href":"https:\/\/agora.xtec.cat\/escolapablopicasso\/wp-json\/wp\/v2\/users\/1"}],"replies":[{"embeddable":true,"href":"https:\/\/agora.xtec.cat\/escolapablopicasso\/wp-json\/wp\/v2\/comments?post=8099"}],"version-history":[{"count":3,"href":"https:\/\/agora.xtec.cat\/escolapablopicasso\/wp-json\/wp\/v2\/posts\/8099\/revisions"}],"predecessor-version":[{"id":8104,"href":"https:\/\/agora.xtec.cat\/escolapablopicasso\/wp-json\/wp\/v2\/posts\/8099\/revisions\/8104"}],"wp:attachment":[{"href":"https:\/\/agora.xtec.cat\/escolapablopicasso\/wp-json\/wp\/v2\/media?parent=8099"}],"wp:term":[{"taxonomy":"category","embeddable":true,"href":"https:\/\/agora.xtec.cat\/escolapablopicasso\/wp-json\/wp\/v2\/categories?post=8099"},{"taxonomy":"post_tag","embeddable":true,"href":"https:\/\/agora.xtec.cat\/escolapablopicasso\/wp-json\/wp\/v2\/tags?post=8099"}],"curies":[{"name":"wp","href":"https:\/\/api.w.org\/{rel}","templated":true}]}}