{"id":8060,"date":"2024-09-16T19:41:58","date_gmt":"2024-09-16T17:41:58","guid":{"rendered":"https:\/\/agora.xtec.cat\/escolapablopicasso\/?p=8060"},"modified":"2024-09-16T19:48:13","modified_gmt":"2024-09-16T17:48:13","slug":"programacio-dactivitats-extraescolars","status":"publish","type":"post","link":"https:\/\/agora.xtec.cat\/escolapablopicasso\/general\/programacio-dactivitats-extraescolars\/","title":{"rendered":"PROGRAMACI\u00d3 D&#8217;ACTIVITATS EXTRAESCOLARS"},"content":{"rendered":"<p>Com cada curs, l&#8217;AFA de la nostra escola ofereix diferents activitats extraescolars (de 16&#8217;30h a 17&#8217;30h): Angl\u00e8s, Multiesport, Teatre, Futbol sala, Atletisme, Patinatge art\u00edstic, Dansa i T\u00e8cniques d&#8217;estudi.<\/p>\n<p>El termini m\u00e0xim per presentar les inscripcions ser\u00e0 el dia 25\/09\/2024 i s&#8217;han d&#8217;entregar a l&#8217;oficina de l&#8217;AFA en el seu horari.<\/p>\n<p>Les activitats comen\u00e7aran el proper dia 10 d&#8217;octubre.<\/p>\n<p>A continuaci\u00f3 trobareu el dossier amb tota la informaci\u00f3 (inscripci\u00f3, quotes, normativa, autoritzacions&#8230;)<\/p>\n<p>Vinga!!! Animeu-vos!!!!<\/p>\n<p><a href=\"http:\/\/https:\/\/drive.google.com\/file\/d\/1THOj_pVRBy_LNUDjJU1jGTzvyuj53otr\/view?usp=sharing\"><img loading=\"lazy\" decoding=\"async\" class=\"aligncenter wp-image-8062\" src=\"https:\/\/agora.xtec.cat\/escolapablopicasso\/wp-content\/uploads\/usu295\/2024\/09\/extraescolars2425-1.png\" alt=\"\" width=\"297\" height=\"416\" srcset=\"https:\/\/agora.xtec.cat\/escolapablopicasso\/wp-content\/uploads\/usu295\/2024\/09\/extraescolars2425-1.png 444w, https:\/\/agora.xtec.cat\/escolapablopicasso\/wp-content\/uploads\/usu295\/2024\/09\/extraescolars2425-1-214x300.png 214w\" sizes=\"auto, (max-width: 297px) 100vw, 297px\" \/><\/a><\/p>\n<p>(cliqueu la imatge per accedir al dossier)<\/p>\n","protected":false},"excerpt":{"rendered":"<p>Com cada curs, l&#8217;AFA de la nostra escola ofereix diferents activitats extraescolars (de 16&#8217;30h a 17&#8217;30h): Angl\u00e8s, Multiesport, Teatre, Futbol sala, Atletisme, Patinatge art\u00edstic, Dansa i T\u00e8cniques d&#8217;estudi.<br \/>\nEl termini m\u00e0xim per presentar les inscripcions ser\u00e0 el dia 25\/09\/2024 i s&#8217;han d&#8217;entregar a l&#8217;oficina de l&#8217;AFA&hellip;  <a href=\"https:\/\/agora.xtec.cat\/escolapablopicasso\/general\/programacio-dactivitats-extraescolars\/\" title=\"Read PROGRAMACI\u00d3 D&#8217;ACTIVITATS EXTRAESCOLARS\">Llegeix m\u00e9s\u00bb<\/a><\/p>\n","protected":false},"author":1,"featured_media":0,"comment_status":"open","ping_status":"closed","sticky":false,"template":"","format":"standard","meta":{"_bbp_topic_count":0,"_bbp_reply_count":0,"_bbp_total_topic_count":0,"_bbp_total_reply_count":0,"_bbp_voice_count":0,"_bbp_anonymous_reply_count":0,"_bbp_topic_count_hidden":0,"_bbp_reply_count_hidden":0,"_bbp_forum_subforum_count":0,"footnotes":""},"categories":[7,1,4],"tags":[],"class_list":["post-8060","post","type-post","status-publish","format-standard","hentry","category-ampa","category-general","category-portada"],"post_mailing_queue_ids":[],"_links":{"self":[{"href":"https:\/\/agora.xtec.cat\/escolapablopicasso\/wp-json\/wp\/v2\/posts\/8060","targetHints":{"allow":["GET"]}}],"collection":[{"href":"https:\/\/agora.xtec.cat\/escolapablopicasso\/wp-json\/wp\/v2\/posts"}],"about":[{"href":"https:\/\/agora.xtec.cat\/escolapablopicasso\/wp-json\/wp\/v2\/types\/post"}],"author":[{"embeddable":true,"href":"https:\/\/agora.xtec.cat\/escolapablopicasso\/wp-json\/wp\/v2\/users\/1"}],"replies":[{"embeddable":true,"href":"https:\/\/agora.xtec.cat\/escolapablopicasso\/wp-json\/wp\/v2\/comments?post=8060"}],"version-history":[{"count":3,"href":"https:\/\/agora.xtec.cat\/escolapablopicasso\/wp-json\/wp\/v2\/posts\/8060\/revisions"}],"predecessor-version":[{"id":8066,"href":"https:\/\/agora.xtec.cat\/escolapablopicasso\/wp-json\/wp\/v2\/posts\/8060\/revisions\/8066"}],"wp:attachment":[{"href":"https:\/\/agora.xtec.cat\/escolapablopicasso\/wp-json\/wp\/v2\/media?parent=8060"}],"wp:term":[{"taxonomy":"category","embeddable":true,"href":"https:\/\/agora.xtec.cat\/escolapablopicasso\/wp-json\/wp\/v2\/categories?post=8060"},{"taxonomy":"post_tag","embeddable":true,"href":"https:\/\/agora.xtec.cat\/escolapablopicasso\/wp-json\/wp\/v2\/tags?post=8060"}],"curies":[{"name":"wp","href":"https:\/\/api.w.org\/{rel}","templated":true}]}}