{"id":8058,"date":"2024-09-12T20:40:36","date_gmt":"2024-09-12T18:40:36","guid":{"rendered":"https:\/\/agora.xtec.cat\/escolapablopicasso\/?p=8058"},"modified":"2024-09-12T20:40:36","modified_gmt":"2024-09-12T18:40:36","slug":"curs-de-catala-per-a-adults","status":"publish","type":"post","link":"https:\/\/agora.xtec.cat\/escolapablopicasso\/general\/curs-de-catala-per-a-adults\/","title":{"rendered":"CURS DE CATAL\u00c0 PER A ADULTS"},"content":{"rendered":"<p>Des del Consorci per a la Normalitzaci\u00f3 Ling\u00fc\u00edstica de Barber\u00e0 ens informen que la inscripci\u00f3 per als cursos de catal\u00e0 inicial s&#8217;ha obert aquesta setmana:<\/p>\n<p>Els\/les interssades podeu venir a la secretaria de l&#8217;escola a donar les vostres dades el divendres 13, dilluns 16 i dimarts 17 de setembre.<\/p>\n<p>La inscripci\u00f3 tamb\u00e9 es pot portar a terme personalment al Consorci per a la Normalitzaci\u00f3 Ling\u00fc\u00edstica &#8211; CPNL. L&#8217;horari \u00e9s de 10 a 13 h (dies 12, 13, 16 i 17) i tamb\u00e9 les tardes dels dies 16 i 17 (de 16 a 19 h).<\/p>\n<p>El curset \u00e9s gratu\u00eft i de nivell inicial per aquelles persones que no saben res de catal\u00e0 per comen\u00e7ar a parlar. Per tant, si hi ha algun alumne de l&#8217;any passat que parla molt poc o que va deixar el curs, pot inscriure&#8217;s novament.<\/p>\n<p>Els dies en que es portar\u00e0 a terme el curset seran els <strong>dimarts i dijous de 9:15h a 11:15h<\/strong> a la nostra escola i l&#8217;inici est\u00e0 previst per a <strong>dijous 26 de setembre de 2024.<\/strong><\/p>\n<p><img loading=\"lazy\" decoding=\"async\" class=\"aligncenter\" src=\"https:\/\/www.bdv.cat\/sites\/default\/files\/styles\/imatge_interior_node_custom_small_x2\/public\/common\/inscripcio_set_1x1_xarxes1_0.png?itok=_ysjh8bz&amp;timestamp=1725951760\" alt=\"\" width=\"214\" height=\"214\" \/><\/p>\n","protected":false},"excerpt":{"rendered":"<p>Des del Consorci per a la Normalitzaci\u00f3 Ling\u00fc\u00edstica de Barber\u00e0 ens informen que la inscripci\u00f3 per als cursos de catal\u00e0 inicial s&#8217;ha obert aquesta setmana:<br \/>\nEls\/les interssades podeu venir a la secretaria de l&#8217;escola a donar les vostres dades el divendres 13, dilluns 16 i dimarts&hellip;  <a href=\"https:\/\/agora.xtec.cat\/escolapablopicasso\/general\/curs-de-catala-per-a-adults\/\" title=\"Read CURS DE CATAL\u00c0 PER A ADULTS\">Llegeix m\u00e9s\u00bb<\/a><\/p>\n","protected":false},"author":1,"featured_media":0,"comment_status":"open","ping_status":"closed","sticky":false,"template":"","format":"standard","meta":{"_bbp_topic_count":0,"_bbp_reply_count":0,"_bbp_total_topic_count":0,"_bbp_total_reply_count":0,"_bbp_voice_count":0,"_bbp_anonymous_reply_count":0,"_bbp_topic_count_hidden":0,"_bbp_reply_count_hidden":0,"_bbp_forum_subforum_count":0,"footnotes":""},"categories":[1,4],"tags":[],"class_list":["post-8058","post","type-post","status-publish","format-standard","hentry","category-general","category-portada"],"post_mailing_queue_ids":[],"_links":{"self":[{"href":"https:\/\/agora.xtec.cat\/escolapablopicasso\/wp-json\/wp\/v2\/posts\/8058","targetHints":{"allow":["GET"]}}],"collection":[{"href":"https:\/\/agora.xtec.cat\/escolapablopicasso\/wp-json\/wp\/v2\/posts"}],"about":[{"href":"https:\/\/agora.xtec.cat\/escolapablopicasso\/wp-json\/wp\/v2\/types\/post"}],"author":[{"embeddable":true,"href":"https:\/\/agora.xtec.cat\/escolapablopicasso\/wp-json\/wp\/v2\/users\/1"}],"replies":[{"embeddable":true,"href":"https:\/\/agora.xtec.cat\/escolapablopicasso\/wp-json\/wp\/v2\/comments?post=8058"}],"version-history":[{"count":1,"href":"https:\/\/agora.xtec.cat\/escolapablopicasso\/wp-json\/wp\/v2\/posts\/8058\/revisions"}],"predecessor-version":[{"id":8059,"href":"https:\/\/agora.xtec.cat\/escolapablopicasso\/wp-json\/wp\/v2\/posts\/8058\/revisions\/8059"}],"wp:attachment":[{"href":"https:\/\/agora.xtec.cat\/escolapablopicasso\/wp-json\/wp\/v2\/media?parent=8058"}],"wp:term":[{"taxonomy":"category","embeddable":true,"href":"https:\/\/agora.xtec.cat\/escolapablopicasso\/wp-json\/wp\/v2\/categories?post=8058"},{"taxonomy":"post_tag","embeddable":true,"href":"https:\/\/agora.xtec.cat\/escolapablopicasso\/wp-json\/wp\/v2\/tags?post=8058"}],"curies":[{"name":"wp","href":"https:\/\/api.w.org\/{rel}","templated":true}]}}